{"id":2381,"date":"2020-12-01T12:05:55","date_gmt":"2020-12-01T11:05:55","guid":{"rendered":"http:\/\/caritas.diecezja.wloclawek.pl\/?p=2381"},"modified":"2020-12-01T12:14:17","modified_gmt":"2020-12-01T11:14:17","slug":"ruszyla-wigilijna-akcja-caritas","status":"publish","type":"post","link":"http:\/\/caritas.diecezja.wloclawek.pl\/?p=2381","title":{"rendered":"Ruszy\u0142a wigilijna akcja Caritas"},"content":{"rendered":"<p>&nbsp;<\/p>\n<p><img loading=\"lazy\" class=\"alignnone wp-image-2384\" src=\"http:\/\/caritas.diecezja.wloclawek.pl\/wp-content\/uploads\/2020\/12\/\u015awieca-caritas-300x114.jpg\" alt=\"\" width=\"411\" height=\"156\" srcset=\"http:\/\/caritas.diecezja.wloclawek.pl\/wp-content\/uploads\/2020\/12\/\u015awieca-caritas-300x114.jpg 300w, http:\/\/caritas.diecezja.wloclawek.pl\/wp-content\/uploads\/2020\/12\/\u015awieca-caritas-768x292.jpg 768w, http:\/\/caritas.diecezja.wloclawek.pl\/wp-content\/uploads\/2020\/12\/\u015awieca-caritas.jpg 845w\" sizes=\"(max-width: 411px) 100vw, 411px\" \/><\/p>\n<p>&nbsp;<\/p>\n<p>Miniona niedziela by\u0142a pierwsz\u0105 niedziel\u0105 adwentu, a jednocze\u015bnie symboliczn\u0105 dat\u0105 rozpocz\u0119cia kolejnej ju\u017c edycji programu &#8222;Wigilijne Dzie\u0142o Pomocy Dzieciom&#8221;. Oznacza to, \u017ce w ko\u015bcio\u0142ach parafialnych zacz\u0119\u0142a si\u0119 coroczna sprzeda\u017c \u015bwiec wigilijnych.<\/p>\n<p>&nbsp;<\/p>\n<p style=\"text-align: right;\"><img loading=\"lazy\" class=\"alignnone wp-image-2387\" src=\"http:\/\/caritas.diecezja.wloclawek.pl\/wp-content\/uploads\/2020\/12\/Wigilijne-Dzie\u0142o-Pomocy-Dzieciom-300x172.jpg\" alt=\"\" width=\"399\" height=\"229\" srcset=\"http:\/\/caritas.diecezja.wloclawek.pl\/wp-content\/uploads\/2020\/12\/Wigilijne-Dzie\u0142o-Pomocy-Dzieciom-300x172.jpg 300w, http:\/\/caritas.diecezja.wloclawek.pl\/wp-content\/uploads\/2020\/12\/Wigilijne-Dzie\u0142o-Pomocy-Dzieciom-768x441.jpg 768w, http:\/\/caritas.diecezja.wloclawek.pl\/wp-content\/uploads\/2020\/12\/Wigilijne-Dzie\u0142o-Pomocy-Dzieciom.jpg 800w\" sizes=\"(max-width: 399px) 100vw, 399px\" \/><\/p>\n<p>&nbsp;<\/p>\n<p>Tegoroczna, 27 edycja akcji, przygotowa\u0142a ok. 2 mln \u015bwiec, kt\u00f3re zap\u0142on\u0105 na wigilijnych sto\u0142ach. W tym miejscu warto przypomnie\u0107, \u017ce akcja finansuje wypoczynek, posi\u0142ki, stypendia oraz wspiera dzieci w rehabilitacji i leczeniu. Ponadto w tym roku 10 groszy z ka\u017cdej \u015bwiecy przeznaczony b\u0119dzie na pomoc dzieciom z kraj\u00f3w Bliskiego Wchodu dotkni\u0119tych konfliktami zbrojnymi.<\/p>\n<p>&nbsp;<\/p>\n<p><img loading=\"lazy\" class=\"alignnone wp-image-2390\" src=\"http:\/\/caritas.diecezja.wloclawek.pl\/wp-content\/uploads\/2020\/12\/Para-prezydencka-zacheca-do-wlaczenia-sie-w-Wigilijne-Dzielo-Pomocy-Dzieciom-845x321-300x114.jpg\" alt=\"\" width=\"403\" height=\"153\" srcset=\"http:\/\/caritas.diecezja.wloclawek.pl\/wp-content\/uploads\/2020\/12\/Para-prezydencka-zacheca-do-wlaczenia-sie-w-Wigilijne-Dzielo-Pomocy-Dzieciom-845x321-300x114.jpg 300w, http:\/\/caritas.diecezja.wloclawek.pl\/wp-content\/uploads\/2020\/12\/Para-prezydencka-zacheca-do-wlaczenia-sie-w-Wigilijne-Dzielo-Pomocy-Dzieciom-845x321-768x292.jpg 768w, http:\/\/caritas.diecezja.wloclawek.pl\/wp-content\/uploads\/2020\/12\/Para-prezydencka-zacheca-do-wlaczenia-sie-w-Wigilijne-Dzielo-Pomocy-Dzieciom-845x321.jpg 845w\" sizes=\"(max-width: 403px) 100vw, 403px\" \/><\/p>\n<p>&nbsp;<\/p>\n<p>Ambasadorami obecnej edycji s\u0105: prezydent Andrzej Duda wraz z ma\u0142\u017conk\u0105, Agat\u0105 Kornhauser-Dud\u0105, dziennikarz Rafa\u0142 Patyra, Micha\u0142 Chorosi\u0144ski, aktor teatralny i filmowy oraz W\u0142adys\u0142aw Stankiewicz, znany z popularnego telewizyjnego programu Sanatorium Mi\u0142o\u015bci.<\/p>\n<p>&nbsp;<\/p>\n<p style=\"text-align: right;\"><img loading=\"lazy\" class=\"alignnone wp-image-2391\" src=\"http:\/\/caritas.diecezja.wloclawek.pl\/wp-content\/uploads\/2020\/12\/WDPD2020-630-300x167.jpg\" alt=\"\" width=\"356\" height=\"198\" srcset=\"http:\/\/caritas.diecezja.wloclawek.pl\/wp-content\/uploads\/2020\/12\/WDPD2020-630-300x167.jpg 300w, http:\/\/caritas.diecezja.wloclawek.pl\/wp-content\/uploads\/2020\/12\/WDPD2020-630-768x426.jpg 768w, http:\/\/caritas.diecezja.wloclawek.pl\/wp-content\/uploads\/2020\/12\/WDPD2020-630.jpg 800w\" sizes=\"(max-width: 356px) 100vw, 356px\" \/><\/p>\n<p>&nbsp;<\/p>\n<p>Akcja &#8222;Wigilijne Dzie\u0142o Pomocy Dzieciom&#8221; ma wymiar ekumeniczny, gdy\u017c \u015bwiece rozprowadzane s\u0105 r\u00f3wnie\u017c we wsp\u00f3lnotach prawos\u0142awnych i protestanckich, m. in.:<\/p>\n<ul>\n<li>ELEOS &#8211; Prawos\u0142awny O\u015brodek Mi\u0142osierdzia,<\/li>\n<li>Diakonia Ko\u015bcio\u0142a Ewangelicko-Augsburskiego w RP &#8211; Diakonia Polska,<\/li>\n<li>Diakonia Ko\u015bcio\u0142a Ewangelicko-Reformowanego.<\/li>\n<\/ul>\n<p>&nbsp;<\/p>\n<p><img loading=\"lazy\" class=\"alignnone wp-image-2394\" src=\"http:\/\/caritas.diecezja.wloclawek.pl\/wp-content\/uploads\/2020\/12\/Wigilijne-Dzie\u0142o-Pomocy-Dzieciom-1-300x172.jpg\" alt=\"\" width=\"354\" height=\"203\" srcset=\"http:\/\/caritas.diecezja.wloclawek.pl\/wp-content\/uploads\/2020\/12\/Wigilijne-Dzie\u0142o-Pomocy-Dzieciom-1-300x172.jpg 300w, http:\/\/caritas.diecezja.wloclawek.pl\/wp-content\/uploads\/2020\/12\/Wigilijne-Dzie\u0142o-Pomocy-Dzieciom-1.jpg 381w\" sizes=\"(max-width: 354px) 100vw, 354px\" \/><\/p>\n<p>Dodatkowo od kilku lat w akcj\u0119 w\u0142\u0105czaj\u0105 si\u0119 te\u017c harcerze ZHP z ide\u0105 <u><a href=\"https:\/\/www.facebook.com\/BetlejemskieSwiatloPokoju\/?__cft__%5b0%5d=AZWQJSSzKC8IEaf4BPn9i21_55zCmMRSG4lPWn2AF59yLPKSucJ8s14r6AVASjO1UGGWR54czsSxChaqwkLfbHhcndl52zvXXo5v0G2xlDNA8-oSv1t6F7cpTA8Vnab2TiagYkZQUPqrPEQWBAmKXfpWJd7TgN8oVkT5DMRhcGeyAg&amp;__tn__=kK-y-R\" target=\"_blank\" rel=\"noopener noreferrer\">Betlejemskie \u015awiat\u0142o Pokoju.\u00a0<\/a><\/u><\/p>\n<p>&nbsp;<\/p>\n<p style=\"text-align: right;\"><img loading=\"lazy\" class=\"alignnone wp-image-2398\" src=\"http:\/\/caritas.diecezja.wloclawek.pl\/wp-content\/uploads\/2020\/12\/WIGILIA-300x83.jpg\" alt=\"\" width=\"380\" height=\"105\" srcset=\"http:\/\/caritas.diecezja.wloclawek.pl\/wp-content\/uploads\/2020\/12\/WIGILIA-300x83.jpg 300w, http:\/\/caritas.diecezja.wloclawek.pl\/wp-content\/uploads\/2020\/12\/WIGILIA-768x211.jpg 768w, http:\/\/caritas.diecezja.wloclawek.pl\/wp-content\/uploads\/2020\/12\/WIGILIA.jpg 800w\" sizes=\"(max-width: 380px) 100vw, 380px\" \/><\/p>\n<p>&nbsp;<\/p>\n<p>Opr\u00f3cz zakupu \u015bwiec, w\u0142\u0105czy\u0107 si\u0119 w to wielkie dzie\u0142o mo\u017cna tak\u017ce:<\/p>\n<ul>\n<li>wysy\u0142aj\u0105c sms o tre\u015bci <strong>WIGILIA<\/strong> pod numer <strong>72052<\/strong> (koszt 2,46 z\u0142 z VAT),<\/li>\n<li>dokonuj\u0105c p\u0142atno\u015bci przez <a href=\"http:\/\/www.wigilijnedzielo.caritas.pl\/?fbclid=IwAR1Tu_ymNltyA_Ujs4JXCYvKXTtSS2IizYnvuW4-E_wZ22G_lLwv6uy0qg4\" target=\"_blank\" rel=\"noopener noreferrer\">www.wigilijnedzielo.caritas.pl<\/a><\/li>\n<\/ul>\n<p>&nbsp;<\/p>\n<p><img loading=\"lazy\" class=\"alignnone wp-image-2400\" src=\"http:\/\/caritas.diecezja.wloclawek.pl\/wp-content\/uploads\/2020\/12\/0-300x200.jpg\" alt=\"\" width=\"308\" height=\"205\" srcset=\"http:\/\/caritas.diecezja.wloclawek.pl\/wp-content\/uploads\/2020\/12\/0-300x200.jpg 300w, http:\/\/caritas.diecezja.wloclawek.pl\/wp-content\/uploads\/2020\/12\/0.jpg 750w\" sizes=\"(max-width: 308px) 100vw, 308px\" \/><\/p>\n<p>Wi\u0119cej informacji na stronie: <a href=\"https:\/\/caritas.pl\/blog\/2020\/11\/30\/wigilijna-swieca-na-polskich-stolach\/?fbclid=IwAR20UkA2pkZFw7LyZpLQp8xdMMQOpb-56Fps6ddIEVC7mQco0kA5VX5E-Hk\" target=\"_blank\" rel=\"noopener noreferrer\">https:\/\/caritas.pl\/&#8230;\/wigilijna-swieca-na-polskich-stolach\/<\/a><\/p>\n<p>&nbsp;<\/p>\n<div class=\"video-container\"><iframe loading=\"lazy\" title=\"Wigilijne Dzie\u0142o Pomocy Dzieciom - 2020\" width=\"500\" height=\"281\" src=\"https:\/\/www.youtube.com\/embed\/Rj5zVuHfvqQ?feature=oembed&#038;wmode=opaque\" frameborder=\"0\" allow=\"accelerometer; autoplay; clipboard-write; encrypted-media; gyroscope; picture-in-picture\" allowfullscreen><\/iframe><\/div>\n<p>&nbsp;<\/p>\n<p>&nbsp;<\/p>\n<p>&nbsp;<\/p>\n<p>&nbsp;<\/p>\n<p>&nbsp;<\/p>\n<p>&nbsp;<\/p>\n<p>Fot. z zasob\u00f3w internetu<\/p>\n<p>&nbsp;<\/p>\n<p>&nbsp;<\/p>\n<p>&nbsp;<\/p>\n<p>&nbsp;<\/p>\n<p>&nbsp;<\/p>\n","protected":false},"excerpt":{"rendered":"<p>&#46;&#46;&#46;<\/p>\n","protected":false},"author":2,"featured_media":2382,"comment_status":"closed","ping_status":"closed","sticky":false,"template":"","format":"standard","meta":[],"categories":[2],"tags":[],"_links":{"self":[{"href":"http:\/\/caritas.diecezja.wloclawek.pl\/index.php?rest_route=\/wp\/v2\/posts\/2381"}],"collection":[{"href":"http:\/\/caritas.diecezja.wloclawek.pl\/index.php?rest_route=\/wp\/v2\/posts"}],"about":[{"href":"http:\/\/caritas.diecezja.wloclawek.pl\/index.php?rest_route=\/wp\/v2\/types\/post"}],"author":[{"embeddable":true,"href":"http:\/\/caritas.diecezja.wloclawek.pl\/index.php?rest_route=\/wp\/v2\/users\/2"}],"replies":[{"embeddable":true,"href":"http:\/\/caritas.diecezja.wloclawek.pl\/index.php?rest_route=%2Fwp%2Fv2%2Fcomments&post=2381"}],"version-history":[{"count":14,"href":"http:\/\/caritas.diecezja.wloclawek.pl\/index.php?rest_route=\/wp\/v2\/posts\/2381\/revisions"}],"predecessor-version":[{"id":2404,"href":"http:\/\/caritas.diecezja.wloclawek.pl\/index.php?rest_route=\/wp\/v2\/posts\/2381\/revisions\/2404"}],"wp:featuredmedia":[{"embeddable":true,"href":"http:\/\/caritas.diecezja.wloclawek.pl\/index.php?rest_route=\/wp\/v2\/media\/2382"}],"wp:attachment":[{"href":"http:\/\/caritas.diecezja.wloclawek.pl\/index.php?rest_route=%2Fwp%2Fv2%2Fmedia&parent=2381"}],"wp:term":[{"taxonomy":"category","embeddable":true,"href":"http:\/\/caritas.diecezja.wloclawek.pl\/index.php?rest_route=%2Fwp%2Fv2%2Fcategories&post=2381"},{"taxonomy":"post_tag","embeddable":true,"href":"http:\/\/caritas.diecezja.wloclawek.pl\/index.php?rest_route=%2Fwp%2Fv2%2Ftags&post=2381"}],"curies":[{"name":"wp","href":"https:\/\/api.w.org\/{rel}","templated":true}]}}