{"id":212,"date":"2015-12-16T21:51:13","date_gmt":"2015-12-16T20:51:13","guid":{"rendered":"http:\/\/caritas.diecezja.wloclawek.pl\/?p=212"},"modified":"2017-10-02T21:54:33","modified_gmt":"2017-10-02T20:54:33","slug":"skc-w-osiecinach-wlaczylo-sie-w-akcje-swiatecznej-zbiorki-zywnosci","status":"publish","type":"post","link":"http:\/\/caritas.diecezja.wloclawek.pl\/?p=212","title":{"rendered":"SKC w Osi\u0119cinach w\u0142\u0105czy\u0142o si\u0119 w akcj\u0119 \u015bwi\u0105tecznej zbi\u00f3rki \u017cywno\u015bci"},"content":{"rendered":"<p>16.12.2015 r.<\/p>\n<p><strong>\u201eTak, POMAGAM!\u201d<\/strong>, to has\u0142o IX zbi\u00f3rki \u017cywno\u015bci, kt\u00f3r\u0105 w dniach 11-12 grudnia 2015 r. przeprowadzi\u0142o Caritas Polska wraz z Caritas diecezjalnymi. Jej celem by\u0142o pozyskanie artyku\u0142\u00f3w spo\u017cywczych z d\u0142ugim terminem przydatno\u015bci do spo\u017cycia np. cukier, m\u0105ka, makaron, konserwy, aby przygotowa\u0107 \u015bwi\u0105teczne paczki dla os\u00f3b b\u0119d\u0105cych w trudnej sytuacji materialnej.<br \/>\nW Osi\u0119cinach, z inicjatywy p. Agnieszki Matkowskiej zbi\u00f3rk\u0119 przeprowadzi\u0142o Szkolne Ko\u0142o Caritas, dzia\u0142aj\u0105ce w Publicznym Gimnazjum w Osi\u0119cinach. Pod\u0105\u017caj\u0105c za s\u0142owami Chrystusa: \u201eWszystko, co uczynili\u015bcie jednemu z tych braci moich najmniejszych, Mnie\u015bcie uczynili\u201d (Mt 25,40) wolontariusze zbierali produkty spo\u017cywcze w marketach: \u201eBiedronka\u201d i \u201eDino\u201d.<br \/>\nWielu ludzi dobrej woli wspar\u0142o to dzie\u0142o mi\u0142osierdzia. Ich bezimienne, lecz p\u0142yn\u0105ce z serca, gesty mi\u0142o\u015bci sprawi\u0142y, \u017ce \u015bwiat\u0142o Chrystusa dotar\u0142o do os\u00f3b potrzebuj\u0105cych.<br \/>\nDzi\u0119ki pomocy, ofiarno\u015bci, wra\u017cliwo\u015bci i \u017cyczliwo\u015bci ludzi dobrej woli zebrali\u015bmy 354,795 kg produkt\u00f3w spo\u017cywczych, kt\u00f3re zosta\u0142y rozdane osobom najbardziej potrzebuj\u0105cym, z terenu gminy Osi\u0119ciny.<br \/>\nSzkolne Ko\u0142o Caritas serdecznie dzi\u0119kuje za pomoc w przeprowadzeniu akcji kierownictwu i pracownikom sklep\u00f3w, p. Emilii Lewandowskiej, wolontariuszom, a przede wszystkim hojnym ofiarodawcom, kt\u00f3rzy dali \u015bwiadectwo ewangelicznej mi\u0142o\u015bci bli\u017aniego. Bo jak powiedzia\u0142 ks. bp Roman Andrzejewski: ,,Pami\u0119taj, aby wykorzysta\u0107 szybko umykaj\u0105cy czas i pozostawi\u0107 po sobie jak najwi\u0119cej dobra.\u201d<br \/>\nNiech powy\u017csze s\u0142owa towarzysz\u0105 nam w \u017cyciu.<br \/>\nAgnieszka Matkowska<\/p>\n<p>&nbsp;<\/p>\n<p><a href=\"http:\/\/caritas.diecezja.wloclawek.pl\/wp-content\/uploads\/2017\/10\/osieciny1.jpg\"><img loading=\"lazy\" class=\"aligncenter  wp-image-213\" src=\"http:\/\/caritas.diecezja.wloclawek.pl\/wp-content\/uploads\/2017\/10\/osieciny1-300x225.jpg\" alt=\"\" width=\"406\" height=\"305\" srcset=\"http:\/\/caritas.diecezja.wloclawek.pl\/wp-content\/uploads\/2017\/10\/osieciny1-300x225.jpg 300w, http:\/\/caritas.diecezja.wloclawek.pl\/wp-content\/uploads\/2017\/10\/osieciny1.jpg 640w\" sizes=\"(max-width: 406px) 100vw, 406px\" \/><\/a><\/p>\n","protected":false},"excerpt":{"rendered":"<p>&#46;&#46;&#46;<\/p>\n","protected":false},"author":1,"featured_media":214,"comment_status":"open","ping_status":"open","sticky":false,"template":"","format":"standard","meta":[],"categories":[2],"tags":[],"_links":{"self":[{"href":"http:\/\/caritas.diecezja.wloclawek.pl\/index.php?rest_route=\/wp\/v2\/posts\/212"}],"collection":[{"href":"http:\/\/caritas.diecezja.wloclawek.pl\/index.php?rest_route=\/wp\/v2\/posts"}],"about":[{"href":"http:\/\/caritas.diecezja.wloclawek.pl\/index.php?rest_route=\/wp\/v2\/types\/post"}],"author":[{"embeddable":true,"href":"http:\/\/caritas.diecezja.wloclawek.pl\/index.php?rest_route=\/wp\/v2\/users\/1"}],"replies":[{"embeddable":true,"href":"http:\/\/caritas.diecezja.wloclawek.pl\/index.php?rest_route=%2Fwp%2Fv2%2Fcomments&post=212"}],"version-history":[{"count":1,"href":"http:\/\/caritas.diecezja.wloclawek.pl\/index.php?rest_route=\/wp\/v2\/posts\/212\/revisions"}],"predecessor-version":[{"id":215,"href":"http:\/\/caritas.diecezja.wloclawek.pl\/index.php?rest_route=\/wp\/v2\/posts\/212\/revisions\/215"}],"wp:featuredmedia":[{"embeddable":true,"href":"http:\/\/caritas.diecezja.wloclawek.pl\/index.php?rest_route=\/wp\/v2\/media\/214"}],"wp:attachment":[{"href":"http:\/\/caritas.diecezja.wloclawek.pl\/index.php?rest_route=%2Fwp%2Fv2%2Fmedia&parent=212"}],"wp:term":[{"taxonomy":"category","embeddable":true,"href":"http:\/\/caritas.diecezja.wloclawek.pl\/index.php?rest_route=%2Fwp%2Fv2%2Fcategories&post=212"},{"taxonomy":"post_tag","embeddable":true,"href":"http:\/\/caritas.diecezja.wloclawek.pl\/index.php?rest_route=%2Fwp%2Fv2%2Ftags&post=212"}],"curies":[{"name":"wp","href":"https:\/\/api.w.org\/{rel}","templated":true}]}}