{"id":209,"date":"2015-12-24T21:47:27","date_gmt":"2015-12-24T20:47:27","guid":{"rendered":"http:\/\/caritas.diecezja.wloclawek.pl\/?p=209"},"modified":"2017-10-02T21:50:39","modified_gmt":"2017-10-02T20:50:39","slug":"wloclawscy-bezdomni-spotkali-sie-na-wigilii","status":"publish","type":"post","link":"http:\/\/caritas.diecezja.wloclawek.pl\/?p=209","title":{"rendered":"W\u0142oc\u0142awscy bezdomni spotkali si\u0119 na wigilii"},"content":{"rendered":"<p>24.12.2015 r.<\/p>\n<p>W \u015brod\u0119 23 grudnia w budynku \u015awietlicy Caritas o godzinie 17 mia\u0142a miejsce wieczerza wigilijna dla podopiecznych przebywaj\u0105cych w schronisku Caritas. Jak co roku zosta\u0142a przygotowana tradycyjna wigilia, aby r\u00f3wnie\u017c tym osobom umo\u017cliwi\u0107 \u015bwi\u0119towanie Narodzenia Pa\u0144skiego. Na wieczerzy zgromadzili si\u0119 podopieczni przebywaj\u0105cy zar\u00f3wno na ulicy Karnkowskiego, jak r\u00f3wnie\u017c z ulicy P\u0142ockiej &#8211; \u0142\u0105cznie uczestniczy\u0142o oko\u0142o 80 os\u00f3b.<\/p>\n<p>Wiele trudu w przygotowanie tej wieczerzy w\u0142o\u017cy\u0142y siostry Albertynki, kt\u00f3re zajmuj\u0105 si\u0119 osobami bezdomnymi. W obs\u0142udze uroczystej kolacji pomaga\u0142o 8 alumn\u00f3w z Wy\u017cszego Seminarium Duchownego. W wieczerzy uczestniczy\u0142 tak\u017ce ks. Krzysztof Stawicki \u2013 zast\u0119pca Dyrektora Caritas Diecezji W\u0142oc\u0142awskiej, kt\u00f3ry odczyta\u0142 fragment ewangelii \u015bw. \u0141ukasza, a nast\u0119pnie pob\u0142ogos\u0142awi\u0142 op\u0142atki. Pod koniec wieczerzy do\u0142\u0105czy\u0142 tak\u017ce kapelan ks. bp Wies\u0142awa Meringa \u2013 ks. Janusz Bartczak.<\/p>\n<p>tekst: kl. Patryk<\/p>\n<p>&nbsp;<\/p>\n<p><a href=\"http:\/\/caritas.diecezja.wloclawek.pl\/wp-content\/uploads\/2017\/10\/wigilia2015.jpg\"><img loading=\"lazy\" class=\"aligncenter wp-image-210 size-medium\" src=\"http:\/\/caritas.diecezja.wloclawek.pl\/wp-content\/uploads\/2017\/10\/wigilia2015-300x225.jpg\" alt=\"\" width=\"300\" height=\"225\" srcset=\"http:\/\/caritas.diecezja.wloclawek.pl\/wp-content\/uploads\/2017\/10\/wigilia2015-300x225.jpg 300w, http:\/\/caritas.diecezja.wloclawek.pl\/wp-content\/uploads\/2017\/10\/wigilia2015.jpg 640w\" sizes=\"(max-width: 300px) 100vw, 300px\" \/><\/a><\/p>\n","protected":false},"excerpt":{"rendered":"<p>&#46;&#46;&#46;<\/p>\n","protected":false},"author":1,"featured_media":210,"comment_status":"open","ping_status":"open","sticky":false,"template":"","format":"standard","meta":[],"categories":[2],"tags":[],"_links":{"self":[{"href":"http:\/\/caritas.diecezja.wloclawek.pl\/index.php?rest_route=\/wp\/v2\/posts\/209"}],"collection":[{"href":"http:\/\/caritas.diecezja.wloclawek.pl\/index.php?rest_route=\/wp\/v2\/posts"}],"about":[{"href":"http:\/\/caritas.diecezja.wloclawek.pl\/index.php?rest_route=\/wp\/v2\/types\/post"}],"author":[{"embeddable":true,"href":"http:\/\/caritas.diecezja.wloclawek.pl\/index.php?rest_route=\/wp\/v2\/users\/1"}],"replies":[{"embeddable":true,"href":"http:\/\/caritas.diecezja.wloclawek.pl\/index.php?rest_route=%2Fwp%2Fv2%2Fcomments&post=209"}],"version-history":[{"count":1,"href":"http:\/\/caritas.diecezja.wloclawek.pl\/index.php?rest_route=\/wp\/v2\/posts\/209\/revisions"}],"predecessor-version":[{"id":211,"href":"http:\/\/caritas.diecezja.wloclawek.pl\/index.php?rest_route=\/wp\/v2\/posts\/209\/revisions\/211"}],"wp:featuredmedia":[{"embeddable":true,"href":"http:\/\/caritas.diecezja.wloclawek.pl\/index.php?rest_route=\/wp\/v2\/media\/210"}],"wp:attachment":[{"href":"http:\/\/caritas.diecezja.wloclawek.pl\/index.php?rest_route=%2Fwp%2Fv2%2Fmedia&parent=209"}],"wp:term":[{"taxonomy":"category","embeddable":true,"href":"http:\/\/caritas.diecezja.wloclawek.pl\/index.php?rest_route=%2Fwp%2Fv2%2Fcategories&post=209"},{"taxonomy":"post_tag","embeddable":true,"href":"http:\/\/caritas.diecezja.wloclawek.pl\/index.php?rest_route=%2Fwp%2Fv2%2Ftags&post=209"}],"curies":[{"name":"wp","href":"https:\/\/api.w.org\/{rel}","templated":true}]}}