{"id":182,"date":"2016-01-08T21:18:29","date_gmt":"2016-01-08T20:18:29","guid":{"rendered":"http:\/\/caritas.diecezja.wloclawek.pl\/?p=182"},"modified":"2017-10-01T21:29:21","modified_gmt":"2017-10-01T20:29:21","slug":"caritas-polska-nie-konfrontujemy-naszej-dzialalnosci-z-innymi-organizacjami-charytatywnymi-08-01-2016-r","status":"publish","type":"post","link":"http:\/\/caritas.diecezja.wloclawek.pl\/?p=182","title":{"rendered":"Caritas Polska: nie konfrontujemy naszej dzia\u0142alno\u015bci z innymi organizacjami charytatywnymi  08.01.2016 r."},"content":{"rendered":"<p><strong><img loading=\"lazy\" class=\"alignleft size-thumbnail wp-image-193\" src=\"http:\/\/caritas.diecezja.wloclawek.pl\/wp-content\/uploads\/2017\/10\/Caritas_min-e1506889662418-150x150.png\" alt=\"\" width=\"150\" height=\"150\" srcset=\"http:\/\/caritas.diecezja.wloclawek.pl\/wp-content\/uploads\/2017\/10\/Caritas_min-e1506889662418-150x150.png 150w, http:\/\/caritas.diecezja.wloclawek.pl\/wp-content\/uploads\/2017\/10\/Caritas_min-e1506889662418-160x160.png 160w, http:\/\/caritas.diecezja.wloclawek.pl\/wp-content\/uploads\/2017\/10\/Caritas_min-e1506889662418-320x320.png 320w, http:\/\/caritas.diecezja.wloclawek.pl\/wp-content\/uploads\/2017\/10\/Caritas_min-e1506889662418.png 100w\" sizes=\"(max-width: 150px) 100vw, 150px\" \/><\/strong><\/p>\n<p>&nbsp;<\/p>\n<p>&nbsp;<\/p>\n<p>&nbsp;<\/p>\n<p>&nbsp;<\/p>\n<p>&nbsp;<\/p>\n<p><strong>O\u015bwiadczenie Caritas Polska dotycz\u0105ce konfrontowania Caritas z innymi <\/strong><strong>organizacjami charytatywnymi w Polsce<\/strong><\/p>\n<blockquote><p>Caritas Polska o\u015bwiadcza, i\u017c jedyn\u0105 form\u0105 jej zaanga\u017cowania spo\u0142ecznego jest wszechstronna pomoc osobom potrzebuj\u0105cym. Nie anga\u017cujemy si\u0119 w polemiki konfrontuj\u0105ce nasz\u0105 dzia\u0142alno\u015b\u0107 z dzia\u0142alno\u015bci\u0105 innych organizacji charytatywnych.<\/p>\n<p>Pawe\u0142 K\u0119ska<br \/>\nRzecznik prasowy Caritas Polska<\/p>\n<p>&nbsp;<\/p><\/blockquote>\n<p>W rozmowie z KAI Pawe\u0142 K\u0119ska wyja\u015bni\u0142, \u017ce o\u015bwiadczenie zosta\u0142o opublikowane decyzj\u0105 Zarz\u0105du Caritas Polska po tym, jak do organizacji nap\u0142yn\u0119\u0142o w ostatnim czasie mn\u00f3stwo pyta\u0144 i komentarzy maj\u0105cych charakter konfrontowania dzia\u0142alno\u015bci Caritas Polska m.in. z Wielk\u0105 Orkiestr\u0105 \u015awi\u0105tecznej Pomocy, kt\u00f3rej zbi\u00f3rka odb\u0119dzie si\u0119 w najbli\u017csz\u0105 niedziel\u0119.<\/p>\n<blockquote><p>&#8222;Ju\u017c trzeci rok jest w tej sprawie burza medialna. Chcemy tego unikn\u0105\u0107, nawet wprost nie pisz\u0105c, \u017ce chodzi o WO\u015aP czy Szlachetn\u0105 Paczk\u0119, gdy\u017c to nie ma znaczenia&#8221; &#8211; powiedzia\u0142 KAI rzecznik Caritas Polska.<\/p><\/blockquote>\n<p>K\u0119ska zastrzega natomiast, \u017ce o\u015bwiadczenie nie jest odpowiedzi\u0105 na konkretne stanowisko jakiej\u015b innej organizacji charytatywnej lub w odniesieniu do danego wydarzenia.<\/p>\n<blockquote><p>&#8222;Przed dwoma laty ta burza by\u0142a bardzo du\u017ca. Czekali\u015bmy a\u017c si\u0119 przetoczy, ale tak si\u0119 nie sta\u0142o, dlatego opublikowali\u015bmy w\u00f3wczas o\u015bwiadczenie. W zesz\u0142ym roku go nie by\u0142o, cho\u0107 burza te\u017c by\u0142a spora. W tym roku Zarz\u0105d zdecydowa\u0142, by uprzedzi\u0107 ewentualne konfrontacje i o\u015bwiadczenie wystosowa\u0107&#8221; &#8211; wyja\u015bni\u0142 rzecznik Caritas Polska. &#8222;O dzia\u0142aniach i danych Caritas mo\u017cemy rozmawia\u0107, ale nie chcemy by\u0107 konfrontowani&#8221; &#8211; doda\u0142 Pawe\u0142 K\u0119ska.<\/p><\/blockquote>\n<p>\u0179r\u00f3d\u0142o: <a href=\"http:\/\/www.ekai.pl\">www.ekai.pl<\/a><\/p>\n","protected":false},"excerpt":{"rendered":"<p>&#46;&#46;&#46;<\/p>\n","protected":false},"author":1,"featured_media":193,"comment_status":"open","ping_status":"open","sticky":false,"template":"","format":"standard","meta":[],"categories":[2],"tags":[],"_links":{"self":[{"href":"http:\/\/caritas.diecezja.wloclawek.pl\/index.php?rest_route=\/wp\/v2\/posts\/182"}],"collection":[{"href":"http:\/\/caritas.diecezja.wloclawek.pl\/index.php?rest_route=\/wp\/v2\/posts"}],"about":[{"href":"http:\/\/caritas.diecezja.wloclawek.pl\/index.php?rest_route=\/wp\/v2\/types\/post"}],"author":[{"embeddable":true,"href":"http:\/\/caritas.diecezja.wloclawek.pl\/index.php?rest_route=\/wp\/v2\/users\/1"}],"replies":[{"embeddable":true,"href":"http:\/\/caritas.diecezja.wloclawek.pl\/index.php?rest_route=%2Fwp%2Fv2%2Fcomments&post=182"}],"version-history":[{"count":6,"href":"http:\/\/caritas.diecezja.wloclawek.pl\/index.php?rest_route=\/wp\/v2\/posts\/182\/revisions"}],"predecessor-version":[{"id":199,"href":"http:\/\/caritas.diecezja.wloclawek.pl\/index.php?rest_route=\/wp\/v2\/posts\/182\/revisions\/199"}],"wp:featuredmedia":[{"embeddable":true,"href":"http:\/\/caritas.diecezja.wloclawek.pl\/index.php?rest_route=\/wp\/v2\/media\/193"}],"wp:attachment":[{"href":"http:\/\/caritas.diecezja.wloclawek.pl\/index.php?rest_route=%2Fwp%2Fv2%2Fmedia&parent=182"}],"wp:term":[{"taxonomy":"category","embeddable":true,"href":"http:\/\/caritas.diecezja.wloclawek.pl\/index.php?rest_route=%2Fwp%2Fv2%2Fcategories&post=182"},{"taxonomy":"post_tag","embeddable":true,"href":"http:\/\/caritas.diecezja.wloclawek.pl\/index.php?rest_route=%2Fwp%2Fv2%2Ftags&post=182"}],"curies":[{"name":"wp","href":"https:\/\/api.w.org\/{rel}","templated":true}]}}