{"id":179,"date":"2016-01-17T20:49:33","date_gmt":"2016-01-17T19:49:33","guid":{"rendered":"http:\/\/caritas.diecezja.wloclawek.pl\/?p=179"},"modified":"2017-10-01T20:58:36","modified_gmt":"2017-10-01T19:58:36","slug":"swiatowy-dzien-migranta-i-uchodzcy","status":"publish","type":"post","link":"http:\/\/caritas.diecezja.wloclawek.pl\/?p=179","title":{"rendered":"\u015awiatowy Dzie\u0144 Migranta i Uchod\u017acy"},"content":{"rendered":"<p><img loading=\"lazy\" class=\"alignleft size-thumbnail wp-image-180\" src=\"http:\/\/caritas.diecezja.wloclawek.pl\/wp-content\/uploads\/2017\/10\/rodzina3-150x150.jpg\" alt=\"\" width=\"150\" height=\"150\" srcset=\"http:\/\/caritas.diecezja.wloclawek.pl\/wp-content\/uploads\/2017\/10\/rodzina3-150x150.jpg 150w, http:\/\/caritas.diecezja.wloclawek.pl\/wp-content\/uploads\/2017\/10\/rodzina3-160x160.jpg 160w, http:\/\/caritas.diecezja.wloclawek.pl\/wp-content\/uploads\/2017\/10\/rodzina3-320x320.jpg 320w\" sizes=\"(max-width: 150px) 100vw, 150px\" \/>17.01.2016 r.<\/p>\n<p>17 stycznia w Ko\u015bciele Katolickim obchodzony by\u0142 <strong>102. \u015awiatowy Dzie\u0144 Migranta i Uchod\u017acy<\/strong>.<br \/>\nW or\u0119dziu wydanym z tej okazji papie\u017c Franciszek napisa\u0142: Dzisiaj, bardziej ni\u017c w minionych czasach, Ewangelia mi\u0142osierdzia porusza sumienia, nie pozwala przyzwyczaja\u0107 si\u0119 do cierpienia innych i wskazuje drogi odpowiedzi zakorzenione w teologalnych cnotach wiary, nadziei i mi\u0142o\u015b\u0107, wyra\u017caj\u0105ce si\u0119 w uczynkach mi\u0142osierdzia wzgl\u0119dem duszy i cia\u0142a. Migranci s\u0105 naszymi bra\u0107mi i siostrami poszukuj\u0105cymi lepszego \u017cycia, z dala od ub\u00f3stwa, g\u0142odu, wyzysku i nies\u0142usznego podzia\u0142u zasob\u00f3w naszej planety, kt\u00f3re powinny by\u0107 rozdzielone r\u00f3wno mi\u0119dzy wszystkich ludzi. Czy\u017c nie jest pragnieniem ka\u017cdego poprawieniem swoich warunk\u00f3w \u017cyciowych i osi\u0105gni\u0119cie uczciwego i s\u0142usznego dobrobytu, kt\u00f3ry by m\u00f3g\u0142 dzieli\u0107 ze swoimi bliskimi?<br \/>\nW 2015 roku ca\u0142kowita liczba imigrant\u00f3w na \u015bwiecie osi\u0105gn\u0119\u0142a rekordowego poziom 250 mln \u2013 wynika z raportu opublikowanego przez Bank \u015awiatowy. Znaczny udzia\u0142 w zwi\u0119kszeniu tej liczby mia\u0142 masowy nap\u0142yw uchod\u017ac\u00f3w do kraj\u00f3w Unii Europejskiej. Liczb\u0119 migrant\u00f3w w ca\u0142ym \u015bwiecie szacuje si\u0119 na ok. 200 mln, w tym najwi\u0119cej \u2013 56 mln \u2013 w Europie. Drugie miejsce zajmuje Azja \u2013 50 mln, a trzecie \u2013 Ameryka P\u00f3\u0142nocna, gdzie jest ich 41 milion\u00f3w.<\/p>\n<p>Wojny, prze\u015bladowania i terror to najbardziej tragiczne przyczyny, dla kt\u00f3rych ludzie opuszczaj\u0105 sw\u00f3j dom rodzinny i ojczyzn\u0119 w poszukiwaniu lepszego bytu. Liczn\u0105 rzesz\u0119 stanowi\u0105 te\u017c ci, kt\u00f3rzy migruj\u0105 ze wzgl\u0119d\u00f3w ekonomicznych, naukowych, rodzinnych czy zdrowotnych.<\/p>\n<p>Caritas Polska zgodnie ze swoj\u0105 misj\u0105 wspiera migrant\u00f3w w ich zmaganiach w odnalezieniu si\u0119 w nowej ojczy\u017anie. Przebywaj\u0105cy w Polsce migranci bez wzgl\u0119du na przynale\u017cno\u015b\u0107 religijn\u0105 otrzymuj\u0105 wsparcie. W ramach pomocy dla cudzoziemc\u00f3w w Polsce dzia\u0142a pi\u0119\u0107 Centr\u00f3w Pomocy Migrantom i Uchod\u017acom Caritas. S\u0105 one odpowiedzialne za udzielanie wsparcia socjalnego, psychologicznego i prawnego. Ich wykwalifikowani pracownicy wsp\u00f3\u0142pracuj\u0105 z o\u015brodkami otwartymi, w kt\u00f3rych przebywaj\u0105 cudzoziemcy.<\/p>\n<p>Od 2012 roku Caritas prowadzi intensywne dzia\u0142ania pomocowe na rzecz ofiar konflikt\u00f3w wojennych Bliskim Wschodzie. Dotychczasowa pomoc w wysoko\u015bci ponad 1,2 mln USD rozdysponowana zosta\u0142a w Syrii, Libanie, Jordanii, Iraku i Autonomii Palesty\u0144skiej.<\/p>\n<p>Aktualnie Caritas Polska op\u0142aca funkcjonowanie nale\u017c\u0105cego do Caritas Syria Centrum Medycznego Bab Sharki w Damaszku, w ramach kt\u00f3rego dzia\u0142aj\u0105 trzy apteki, oraz pomocy udziela 43 lekarzy z 17 specjalno\u015bci. Centrum nale\u017cy do Caritas Syria.<\/p>\n<p>Caritas Polska zakupuje te\u017c leki dla Mobilnej Kliniki im. Ks. Jerzego Popie\u0142uszki, udzielaj\u0105cej pomocy w Iraku, g\u0142\u00f3wnie w\u015br\u00f3d uchod\u017ac\u00f3w chrze\u015bcija\u0144skich. Nied\u0142ugo Caritas Polska rozpocznie realizacj\u0119 projektu wsparcia rodzin liba\u0144skich oraz uchod\u017ac\u00f3w syryjskich na terenie Libanu.<\/p>\n<p>\u017ar\u00f3d\u0142o: <a href=\"http:\/\/www.caritas.pl\">www.caritas.pl<\/a><\/p>\n","protected":false},"excerpt":{"rendered":"<p>&#46;&#46;&#46;<\/p>\n","protected":false},"author":1,"featured_media":180,"comment_status":"open","ping_status":"open","sticky":false,"template":"","format":"standard","meta":[],"categories":[2],"tags":[],"_links":{"self":[{"href":"http:\/\/caritas.diecezja.wloclawek.pl\/index.php?rest_route=\/wp\/v2\/posts\/179"}],"collection":[{"href":"http:\/\/caritas.diecezja.wloclawek.pl\/index.php?rest_route=\/wp\/v2\/posts"}],"about":[{"href":"http:\/\/caritas.diecezja.wloclawek.pl\/index.php?rest_route=\/wp\/v2\/types\/post"}],"author":[{"embeddable":true,"href":"http:\/\/caritas.diecezja.wloclawek.pl\/index.php?rest_route=\/wp\/v2\/users\/1"}],"replies":[{"embeddable":true,"href":"http:\/\/caritas.diecezja.wloclawek.pl\/index.php?rest_route=%2Fwp%2Fv2%2Fcomments&post=179"}],"version-history":[{"count":1,"href":"http:\/\/caritas.diecezja.wloclawek.pl\/index.php?rest_route=\/wp\/v2\/posts\/179\/revisions"}],"predecessor-version":[{"id":181,"href":"http:\/\/caritas.diecezja.wloclawek.pl\/index.php?rest_route=\/wp\/v2\/posts\/179\/revisions\/181"}],"wp:featuredmedia":[{"embeddable":true,"href":"http:\/\/caritas.diecezja.wloclawek.pl\/index.php?rest_route=\/wp\/v2\/media\/180"}],"wp:attachment":[{"href":"http:\/\/caritas.diecezja.wloclawek.pl\/index.php?rest_route=%2Fwp%2Fv2%2Fmedia&parent=179"}],"wp:term":[{"taxonomy":"category","embeddable":true,"href":"http:\/\/caritas.diecezja.wloclawek.pl\/index.php?rest_route=%2Fwp%2Fv2%2Fcategories&post=179"},{"taxonomy":"post_tag","embeddable":true,"href":"http:\/\/caritas.diecezja.wloclawek.pl\/index.php?rest_route=%2Fwp%2Fv2%2Ftags&post=179"}],"curies":[{"name":"wp","href":"https:\/\/api.w.org\/{rel}","templated":true}]}}