{"id":176,"date":"2016-02-09T20:44:25","date_gmt":"2016-02-09T19:44:25","guid":{"rendered":"http:\/\/caritas.diecezja.wloclawek.pl\/?p=176"},"modified":"2017-10-01T20:48:12","modified_gmt":"2017-10-01T19:48:12","slug":"swiatowy-dzien-chorego","status":"publish","type":"post","link":"http:\/\/caritas.diecezja.wloclawek.pl\/?p=176","title":{"rendered":"\u015awiatowy Dzie\u0144 Chorego"},"content":{"rendered":"<p>09.02.2016 r.<\/p>\n<p>W czwartek 11 lutego obchodzi\u0107 b\u0119dziemy ju\u017c<strong> XXIV \u015awiatowy Dzie\u0144 Chorego<\/strong>. Tegoroczne \u015bwi\u0119to b\u0119dzie mia\u0142o szczeg\u00f3lny charakter ze wzgl\u0119du na og\u0142oszony 8 grudnia 2015 roku Nadzwyczajny Jubileusz Mi\u0142osierdzia. To r\u00f3wnie\u017c szczeg\u00f3lna okazja dla ca\u0142ej rodziny Caritas, zaanga\u017cowanej w pomoc chorym i cierpi\u0105cym.<br \/>\nOjciec \u015awi\u0119ty Franciszek odprawi w tym dniu Msz\u0119 \u015awi\u0119t\u0105 w Nazarecie, gdzie skupi si\u0119 na rozwa\u017caniu has\u0142a \u201eZawierzmy si\u0119 Jezusowi mi\u0142osiernemu jak Maryja: Zr\u00f3bcie wszystko, cokolwiek wam powie\u201d, zaczerpni\u0119tego z ewangelicznego opisu wesela w Kanie Galilejskiej, gdzie Jezus dokona\u0142 pierwszego cudu na pro\u015bb\u0119 swojej Matki.<\/p>\n<p>Dla Caritas \u015awiatowy Dzie\u0144 Chorego jest okazj\u0105 do podzi\u0119kowania wolontariuszom i pracownikom zaanga\u017cowanym w pos\u0142ug\u0119 wobec chorych w licznych plac\u00f3wkach medycznych, opieku\u0144czych i rehabilitacyjnych.<\/p>\n<p>Dlatego wraz z Ojcem \u015awi\u0119tym Franciszkiem chcemy \u201eprosi\u0107 Jezusa mi\u0142osiernego, przez wstawiennictwo Maryi, Jego i naszej Matki, aby obdarzy\u0142 nas wszystkich gotowo\u015bci\u0105 s\u0142u\u017cby potrzebuj\u0105cym, a konkretnie naszym braciom i siostrom chorym. Niekiedy pos\u0142uga ta mo\u017ce by\u0107 m\u0119cz\u0105ca, ci\u0119\u017cka, ale jeste\u015bmy pewni, \u017ce Chrystus Pan nie omieszka przeobrazi\u0107 naszego ludzkiego wysi\u0142ku w co\u015b boskiego. My r\u00f3wnie\u017c mo\u017cemy by\u0107 r\u0119kami, ramionami, sercami, kt\u00f3re pomagaj\u0105 Bogu w dokonywaniu cud\u00f3w, cz\u0119sto ukrytych. My r\u00f3wnie\u017c, zdrowi lub chorzy, mo\u017cemy ofiarowa\u0107 nasze trudy i cierpienia, jak t\u0119 zwyk\u0142\u0105 wod\u0119, kt\u00f3ra wype\u0142ni\u0142a st\u0105gwie na weselu w Kanie Galilejskiej i zosta\u0142a przemieniona w najlepsze wino.\u201d \/ z Or\u0119dzia na XXIV \u015awiatowy Dzie\u0144 Chorego\/<\/p>\n<p>Caritas w Polsce od ponad 25 lat rozwija pos\u0142ug\u0119 mi\u0142osierdzia i wyspecjalizowanej pomocy wobec os\u00f3b chorych i starszych. Pierwszym dzia\u0142aniem podj\u0119tym przez Caritas by\u0142y Stacje Opieki, \u015bwiadcz\u0105ce pomoc osobom ob\u0142o\u017cnie chorym w ich domach. Ponadto w Polsce jest ponad 250 Stacji Opieki Caritas. R\u00f3wnie sprawna jest opieka hospicyjna Caritas, zar\u00f3wno stacjonarna jak i domowa. W Polsce funkcjonuje ponad 50 hospicj\u00f3w Caritas, kt\u00f3re poza wyspecjalizowan\u0105 kadr\u0105 wspomagane s\u0105 przez licznych wolontariuszy.<\/p>\n<p>Niezwykle istotnym elementem opieki nad chorymi jest r\u00f3wnie\u017c dost\u0119p do sprz\u0119tu medycznego. W 114 wypo\u017cyczalniach specjalistycznego sprz\u0119tu medycznego za symboliczn\u0105 kwot\u0119 mo\u017cna wynaj\u0105\u0107 i d\u0142ugoterminowo korzysta\u0107 z nierefundowanych urz\u0105dze\u0144 \u2013 czyli z \u0142\u00f3\u017cek sterowanych elektrycznie z materacem przeciwodle\u017cynowym, koncentrator\u00f3w tlenu, ssak\u00f3w medycznych i innych. Caritas prowadz\u0105 poradnie leczenia b\u00f3lu, centra rehabilitacyjne, domy opieki i wiele innych instytucji w kt\u00f3rych pracuje wyspecjalizowana kadra oraz tysi\u0105ce wolontariuszy wnosz\u0105cych w pos\u0142ug\u0119 wobec chorych bezinteresown\u0105 wra\u017cliwo\u015b\u0107, energi\u0119 i mi\u0142o\u015b\u0107.<\/p>\n<p>\u015awiatowy Dzie\u0144 Chorego zosta\u0142 ustanowiony przez Papie\u017ca Jana Paw\u0142a II 13 maja 1992 roku w dniu 75. rocznicy objawie\u0144 fatimskich i 11. rocznicy zamachu na \u017cycie Papie\u017ca. 11 lutego ka\u017cdego roku Ko\u015bci\u00f3\u0142 Katolicki szczeg\u00f3lnie wyra\u017ca trosk\u0119 o osoby chore, potrzebuj\u0105ce opieki i wsparcia.<\/p>\n<p><strong>XXIV \u015awiatowy Dzie\u0144 Chorego w Diecezji W\u0142oc\u0142awskiej<\/strong><\/p>\n<p>Program obchod\u00f3w XXIV \u015awiatowego Dnia Chorego w Diecezji W\u0142oc\u0142awskiej 2016<br \/>\nZawierzmy si\u0119 Jezusowi mi\u0142osiernemu jak Maryja: \u201eZr\u00f3bcie wszystko, cokolwiek wam powie\u201d (J 2,5)<\/p>\n<p>Rejon W\u0142oc\u0142awski pod przewodnictwem: Ks. Bp Ordynariusza Wies\u0142awa Meringa<br \/>\n11.02.2016 r. godz. 11.00 &#8211; wizyta u chorych i niepe\u0142nosprawnych w Domu Opieki Spo\u0142ecznej Nowa Wie\u015b<br \/>\n&#8211; Eucharystia wraz udzieleniem Sakramentu Namaszczenia os\u00f3b chorych<\/p>\n<p>Rejon Sieradzki pod przewodnictwem: Ks. Bp Ordynariusza Wies\u0142awa Meringa<br \/>\n22.02.2016 r. w parafii \u015bw. Antoniego z Padwy &#8211; Zdu\u0144ska Wola &#8211; transmisja przez Radio Maryja i TV TRWAM<br \/>\ngodz. 16.00 &#8211; spotkanie z chorymi i przedstawicielami S\u0142u\u017cby Zdrowia w Szpitalu w Zdu\u0144skiej Woli<br \/>\ngodz. 18.30 &#8211; Eucharystia wraz udzieleniem Sakramentu Namaszczenia os\u00f3b chorych<\/p>\n<p>Rejon Koni\u0144ski pod przewodnictwem: Ks. Bp Stanis\u0142awa G\u0119bickiego<br \/>\n11.02.2016 r. w parafii Podwy\u017cszenia Krzy\u017ca \u015awi\u0119tego w Kole<br \/>\ngodz. 16.00 &#8211; Eucharystia wraz udzieleniem Sakramentu Namaszczenia os\u00f3b chorych.<\/p>\n<p>&nbsp;<\/p>\n<p><img loading=\"lazy\" class=\"aligncenter wp-image-177 \" src=\"http:\/\/caritas.diecezja.wloclawek.pl\/wp-content\/uploads\/2017\/10\/dzienchorego-195x300.jpg\" alt=\"\" width=\"287\" height=\"442\" srcset=\"http:\/\/caritas.diecezja.wloclawek.pl\/wp-content\/uploads\/2017\/10\/dzienchorego-195x300.jpg 195w, http:\/\/caritas.diecezja.wloclawek.pl\/wp-content\/uploads\/2017\/10\/dzienchorego-768x1184.jpg 768w, http:\/\/caritas.diecezja.wloclawek.pl\/wp-content\/uploads\/2017\/10\/dzienchorego-664x1024.jpg 664w, http:\/\/caritas.diecezja.wloclawek.pl\/wp-content\/uploads\/2017\/10\/dzienchorego.jpg 1309w\" sizes=\"(max-width: 287px) 100vw, 287px\" \/><\/p>\n","protected":false},"excerpt":{"rendered":"<p>&#46;&#46;&#46;<\/p>\n","protected":false},"author":1,"featured_media":177,"comment_status":"open","ping_status":"open","sticky":false,"template":"","format":"standard","meta":[],"categories":[2],"tags":[],"_links":{"self":[{"href":"http:\/\/caritas.diecezja.wloclawek.pl\/index.php?rest_route=\/wp\/v2\/posts\/176"}],"collection":[{"href":"http:\/\/caritas.diecezja.wloclawek.pl\/index.php?rest_route=\/wp\/v2\/posts"}],"about":[{"href":"http:\/\/caritas.diecezja.wloclawek.pl\/index.php?rest_route=\/wp\/v2\/types\/post"}],"author":[{"embeddable":true,"href":"http:\/\/caritas.diecezja.wloclawek.pl\/index.php?rest_route=\/wp\/v2\/users\/1"}],"replies":[{"embeddable":true,"href":"http:\/\/caritas.diecezja.wloclawek.pl\/index.php?rest_route=%2Fwp%2Fv2%2Fcomments&post=176"}],"version-history":[{"count":1,"href":"http:\/\/caritas.diecezja.wloclawek.pl\/index.php?rest_route=\/wp\/v2\/posts\/176\/revisions"}],"predecessor-version":[{"id":178,"href":"http:\/\/caritas.diecezja.wloclawek.pl\/index.php?rest_route=\/wp\/v2\/posts\/176\/revisions\/178"}],"wp:featuredmedia":[{"embeddable":true,"href":"http:\/\/caritas.diecezja.wloclawek.pl\/index.php?rest_route=\/wp\/v2\/media\/177"}],"wp:attachment":[{"href":"http:\/\/caritas.diecezja.wloclawek.pl\/index.php?rest_route=%2Fwp%2Fv2%2Fmedia&parent=176"}],"wp:term":[{"taxonomy":"category","embeddable":true,"href":"http:\/\/caritas.diecezja.wloclawek.pl\/index.php?rest_route=%2Fwp%2Fv2%2Fcategories&post=176"},{"taxonomy":"post_tag","embeddable":true,"href":"http:\/\/caritas.diecezja.wloclawek.pl\/index.php?rest_route=%2Fwp%2Fv2%2Ftags&post=176"}],"curies":[{"name":"wp","href":"https:\/\/api.w.org\/{rel}","templated":true}]}}