{"id":169,"date":"2016-02-11T23:09:04","date_gmt":"2016-02-11T22:09:04","guid":{"rendered":"http:\/\/caritas.diecezja.wloclawek.pl\/?p=169"},"modified":"2017-09-30T23:13:42","modified_gmt":"2017-09-30T22:13:42","slug":"akcja-skarbonka-milosierdzia-jalmuzna-wielkopostna","status":"publish","type":"post","link":"http:\/\/caritas.diecezja.wloclawek.pl\/?p=169","title":{"rendered":"Akcja \u201eSkarbonka mi\u0142osierdzia\u201d (Ja\u0142mu\u017cna Wielkopostna)"},"content":{"rendered":"<p>11.02.2016 r.<\/p>\n<p><strong>\u201eSkarbonka mi\u0142osierdzia\u201d<\/strong> to forma pomocy najbardziej potrzebuj\u0105cym w ramach og\u00f3lnopolskiej akcji \u201eJa\u0142mu\u017cna wielkopostna 2016\u201d prowadzonej r\u00f3wnie\u017c w Caritas Diecezji W\u0142oc\u0142awskiej. Zebrane \u015brodki pomog\u0105 mieszka\u0144com diecezji w poprawie trudnej sytuacji \u017cyciowej.<br \/>\nAkcja polega na powstrzymaniu si\u0119 od zb\u0119dnych wydatk\u00f3w (np. s\u0142odyczy, zabawek, ubra\u0144 itp.), w rezultacie czego mo\u017cna zaoszcz\u0119dzone pieni\u0105dze przekaza\u0107 na pomoc potrzebuj\u0105cym. Jest to \u2013 co prawda \u2013 podj\u0119cie pr\u00f3by zmaga\u0144 z samym sob\u0105 i wyrzeczenie, ale przynosi b\u0142ogos\u0142awione owoce.<\/p>\n<p><strong>Jak w\u0142\u0105czy\u0107 si\u0119 w akcj\u0119?<\/strong><\/p>\n<p>Przede wszystkim nale\u017cy zaopatrzy\u0107 si\u0119 w specjalne skarbonki, kt\u00f3ra s\u0105 udost\u0119pniane wiernym (wykonane z tektury i specjalnie oznaczone). W bie\u017c\u0105cym roku Caritas przygotowa\u0142a ich 30 tys. sztuk. Dystrybucj\u0105 zajmuj\u0105 si\u0119 Parafie, Opiekunowie Szkolnych K\u00f3\u0142 Caritas i Parafialnych Zespo\u0142\u00f3w Caritas oraz katecheci, kt\u00f3rzy dzia\u0142aj\u0105 w porozumieniu ze swoimi ksi\u0119\u017cmi proboszczami.<\/p>\n<p>Na koniec akcji, po 40 dniach Wielkiego Postu, w Wielki Czwartek podczas Mszy Wieczerzy Pa\u0144skiej lub w czasie Wigilii Paschalnej wszyscy, kt\u00f3rzy do skarbonek wrzucali zaoszcz\u0119dzone pieni\u0105dze, sk\u0142adaj\u0105 skarbonki w ko\u015bcio\u0142ach, w procesji z darami jako pomoc dla ubogich.<\/p>\n<p><strong>Co to jest ja\u0142mu\u017cna?<\/strong><\/p>\n<p>Ja\u0142mu\u017cna to wi\u0119cej ni\u017c zwyk\u0142a filantropia, a to ze wzgl\u0119du na zwi\u0105zek przekazanej ofiary pieni\u0119\u017cnej z mi\u0142o\u015bci\u0105, najcenniejsz\u0105 z warto\u015bci. \u2013 Ja\u0142mu\u017cna jest wpisana w nasze \u017cycie chrze\u015bcija\u0144skie i w Wielkim Po\u015bcie nabiera szczeg\u00f3lnego wymiaru. W tym czasie dokonujemy r\u00f3\u017cnych wyrzecze\u0144, a one nie mog\u0105 by\u0107 puste i i\u015b\u0107 na marne. Ja\u0142mu\u017cna to dzielenie si\u0119 z drugim; ten kto j\u0105 sk\u0142ada, sk\u0142ada niejako samemu Jezusowi.<\/p>\n<p><strong>Owoce akcji<\/strong><\/p>\n<p>Akcja przynosi co roku owoce materialne. Zebrane fundusze skierowane s\u0105 na realizacj\u0119 dzie\u0142 charytatywnych na rzecz potrzebuj\u0105cych z diecezji w\u0142oc\u0142awskiej. Nie mniej wa\u017cne s\u0105 duchowe owoce, kt\u00f3re rozwijaj\u0105 w cz\u0142owieku mi\u0142osierdzie, co jest szczeg\u00f3lnie istotne w dzisiejszych czasach i w trwaj\u0105cym Roku Mi\u0142osierdzia.<\/p>\n<p>Akcja \u201eJa\u0142mu\u017cna wielkopostna\u201d uczy, \u017ce mi\u0142o\u015b\u0107 bli\u017aniego wymaga od nas daru z siebie: ofiarowania czasu, pieni\u0119dzy, zainteresowania. Jej g\u0142\u00f3wnym celem jest wychowanie dzieci i m\u0142odzie\u017cy w duchu mi\u0142osierdzia i wra\u017cliwo\u015bci na potrzeby innych os\u00f3b oraz przypomnienie, \u017ce tradycyjne przygotowanie do Wielkanocy to post, modlitwa i ja\u0142mu\u017cna.<\/p>\n<p>Dzi\u0119kujemy wszystkim ksi\u0119\u017com, opiekunom SKC i PZC, katechetom i wolontariuszom, kt\u00f3rzy zaanga\u017cowali si\u0119 w propagowanie akcji \u201eJa\u0142mu\u017cna Wielkopostna\u201d.<\/p>\n<p><img loading=\"lazy\" class=\"aligncenter size-medium wp-image-170\" src=\"http:\/\/caritas.diecezja.wloclawek.pl\/wp-content\/uploads\/2017\/09\/skarbonka_2016-300x300.jpg\" alt=\"\" width=\"300\" height=\"300\" srcset=\"http:\/\/caritas.diecezja.wloclawek.pl\/wp-content\/uploads\/2017\/09\/skarbonka_2016-300x300.jpg 300w, http:\/\/caritas.diecezja.wloclawek.pl\/wp-content\/uploads\/2017\/09\/skarbonka_2016-150x150.jpg 150w, http:\/\/caritas.diecezja.wloclawek.pl\/wp-content\/uploads\/2017\/09\/skarbonka_2016-768x767.jpg 768w, http:\/\/caritas.diecezja.wloclawek.pl\/wp-content\/uploads\/2017\/09\/skarbonka_2016-1024x1024.jpg 1024w, http:\/\/caritas.diecezja.wloclawek.pl\/wp-content\/uploads\/2017\/09\/skarbonka_2016-160x160.jpg 160w, http:\/\/caritas.diecezja.wloclawek.pl\/wp-content\/uploads\/2017\/09\/skarbonka_2016-320x320.jpg 320w, http:\/\/caritas.diecezja.wloclawek.pl\/wp-content\/uploads\/2017\/09\/skarbonka_2016.jpg 1200w\" sizes=\"(max-width: 300px) 100vw, 300px\" \/><\/p>\n","protected":false},"excerpt":{"rendered":"<p>&#46;&#46;&#46;<\/p>\n","protected":false},"author":1,"featured_media":170,"comment_status":"open","ping_status":"open","sticky":false,"template":"","format":"standard","meta":[],"categories":[2],"tags":[],"_links":{"self":[{"href":"http:\/\/caritas.diecezja.wloclawek.pl\/index.php?rest_route=\/wp\/v2\/posts\/169"}],"collection":[{"href":"http:\/\/caritas.diecezja.wloclawek.pl\/index.php?rest_route=\/wp\/v2\/posts"}],"about":[{"href":"http:\/\/caritas.diecezja.wloclawek.pl\/index.php?rest_route=\/wp\/v2\/types\/post"}],"author":[{"embeddable":true,"href":"http:\/\/caritas.diecezja.wloclawek.pl\/index.php?rest_route=\/wp\/v2\/users\/1"}],"replies":[{"embeddable":true,"href":"http:\/\/caritas.diecezja.wloclawek.pl\/index.php?rest_route=%2Fwp%2Fv2%2Fcomments&post=169"}],"version-history":[{"count":1,"href":"http:\/\/caritas.diecezja.wloclawek.pl\/index.php?rest_route=\/wp\/v2\/posts\/169\/revisions"}],"predecessor-version":[{"id":171,"href":"http:\/\/caritas.diecezja.wloclawek.pl\/index.php?rest_route=\/wp\/v2\/posts\/169\/revisions\/171"}],"wp:featuredmedia":[{"embeddable":true,"href":"http:\/\/caritas.diecezja.wloclawek.pl\/index.php?rest_route=\/wp\/v2\/media\/170"}],"wp:attachment":[{"href":"http:\/\/caritas.diecezja.wloclawek.pl\/index.php?rest_route=%2Fwp%2Fv2%2Fmedia&parent=169"}],"wp:term":[{"taxonomy":"category","embeddable":true,"href":"http:\/\/caritas.diecezja.wloclawek.pl\/index.php?rest_route=%2Fwp%2Fv2%2Fcategories&post=169"},{"taxonomy":"post_tag","embeddable":true,"href":"http:\/\/caritas.diecezja.wloclawek.pl\/index.php?rest_route=%2Fwp%2Fv2%2Ftags&post=169"}],"curies":[{"name":"wp","href":"https:\/\/api.w.org\/{rel}","templated":true}]}}