{"id":167,"date":"2016-02-18T23:08:00","date_gmt":"2016-02-18T22:08:00","guid":{"rendered":"http:\/\/caritas.diecezja.wloclawek.pl\/?p=167"},"modified":"2017-10-01T20:43:50","modified_gmt":"2017-10-01T19:43:50","slug":"wielkopostne-rekolekcje-dyrektorow-caritas","status":"publish","type":"post","link":"http:\/\/caritas.diecezja.wloclawek.pl\/?p=167","title":{"rendered":"Wielkopostne rekolekcje dyrektor\u00f3w Caritas"},"content":{"rendered":"<p><img loading=\"lazy\" class=\"alignleft size-thumbnail wp-image-173\" src=\"http:\/\/caritas.diecezja.wloclawek.pl\/wp-content\/uploads\/2016\/02\/rek.1-150x150.jpg\" alt=\"\" width=\"150\" height=\"150\" srcset=\"http:\/\/caritas.diecezja.wloclawek.pl\/wp-content\/uploads\/2016\/02\/rek.1-150x150.jpg 150w, http:\/\/caritas.diecezja.wloclawek.pl\/wp-content\/uploads\/2016\/02\/rek.1-160x160.jpg 160w, http:\/\/caritas.diecezja.wloclawek.pl\/wp-content\/uploads\/2016\/02\/rek.1-320x320.jpg 320w\" sizes=\"(max-width: 150px) 100vw, 150px\" \/>18.02.2016 r.<\/p>\n<p>Dyrektorzy Caritas Diecezjalnych z ca\u0142ej Polski przyjechali do Lichenia, aby w zaciszu prze\u017cy\u0107 rekolekcje wielkopostne. Tematem rekolekcji jest Mi\u0142osierdzie Bo\u017ce.<\/p>\n<p>Oko\u0142o 30 dyrektor\u00f3w diecezjalnych Caritas od poniedzia\u0142ku (15. lutego br.) przebywa w liche\u0144skim sanktuarium. Uczestnicz\u0105 oni w rekolekcjach wielkopostnych. Temat przewodni Mi\u0142osierdzia Bo\u017cego zosta\u0142 wybrany dlatego, \u017ce g\u0142\u00f3wnym zadaniem Caritas jest czynienie mi\u0142osierdzia mi\u0119dzy innymi przez pos\u0142ugiwanie chorym, ubogim i wszystkim, kt\u00f3rzy zostali zepchni\u0119ci na margines spo\u0142ecze\u0144stwa. Praca kt\u00f3r\u0105 wykonuje Caritas przede wszystkim jest zwi\u0105zana z mi\u0142osierdziem. Ka\u017cdy cz\u0142owiek otrzymuje od Boga mi\u0142osierdzie i dlatego powinien by\u0107 mi\u0142osierny jak Ojciec. Drugim motywem wyboru takiego tematu rekolekcji jest ustanowiony przez Papie\u017ca Franciszka Jubileuszowy Rok Mi\u0142osierdzia.<\/p>\n<p>Rekolekcje prowadzi ks. Pawe\u0142 Pokora, ojciec duchowny z Wy\u017cszego Seminarium Duchownego we W\u0142oc\u0142awku i jeden z egzorcyst\u00f3w diecezji w\u0142oc\u0142awskiej.<\/p>\n<p>Dzisiaj na zako\u0144czenie rekolekcji ksi\u0119\u017ca dyrektorzy zawierz\u0105 pos\u0142ug\u0119 Caritas w Polsce i na \u015bwiecie.<\/p>\n<p>Zdj\u0119cie: caritas.pl<\/p>\n","protected":false},"excerpt":{"rendered":"<p>&#46;&#46;&#46;<\/p>\n","protected":false},"author":1,"featured_media":173,"comment_status":"open","ping_status":"open","sticky":false,"template":"","format":"standard","meta":[],"categories":[2],"tags":[],"_links":{"self":[{"href":"http:\/\/caritas.diecezja.wloclawek.pl\/index.php?rest_route=\/wp\/v2\/posts\/167"}],"collection":[{"href":"http:\/\/caritas.diecezja.wloclawek.pl\/index.php?rest_route=\/wp\/v2\/posts"}],"about":[{"href":"http:\/\/caritas.diecezja.wloclawek.pl\/index.php?rest_route=\/wp\/v2\/types\/post"}],"author":[{"embeddable":true,"href":"http:\/\/caritas.diecezja.wloclawek.pl\/index.php?rest_route=\/wp\/v2\/users\/1"}],"replies":[{"embeddable":true,"href":"http:\/\/caritas.diecezja.wloclawek.pl\/index.php?rest_route=%2Fwp%2Fv2%2Fcomments&post=167"}],"version-history":[{"count":3,"href":"http:\/\/caritas.diecezja.wloclawek.pl\/index.php?rest_route=\/wp\/v2\/posts\/167\/revisions"}],"predecessor-version":[{"id":175,"href":"http:\/\/caritas.diecezja.wloclawek.pl\/index.php?rest_route=\/wp\/v2\/posts\/167\/revisions\/175"}],"wp:featuredmedia":[{"embeddable":true,"href":"http:\/\/caritas.diecezja.wloclawek.pl\/index.php?rest_route=\/wp\/v2\/media\/173"}],"wp:attachment":[{"href":"http:\/\/caritas.diecezja.wloclawek.pl\/index.php?rest_route=%2Fwp%2Fv2%2Fmedia&parent=167"}],"wp:term":[{"taxonomy":"category","embeddable":true,"href":"http:\/\/caritas.diecezja.wloclawek.pl\/index.php?rest_route=%2Fwp%2Fv2%2Fcategories&post=167"},{"taxonomy":"post_tag","embeddable":true,"href":"http:\/\/caritas.diecezja.wloclawek.pl\/index.php?rest_route=%2Fwp%2Fv2%2Ftags&post=167"}],"curies":[{"name":"wp","href":"https:\/\/api.w.org\/{rel}","templated":true}]}}