{"id":165,"date":"2016-03-03T23:06:39","date_gmt":"2016-03-03T22:06:39","guid":{"rendered":"http:\/\/caritas.diecezja.wloclawek.pl\/?p=165"},"modified":"2017-09-30T23:07:36","modified_gmt":"2017-09-30T22:07:36","slug":"dziesiata-zbiorka-zywnosci-caritas-tak-pomagam","status":"publish","type":"post","link":"http:\/\/caritas.diecezja.wloclawek.pl\/?p=165","title":{"rendered":"Dziesi\u0105ta Zbi\u00f3rka \u017bywno\u015bci Caritas. Tak, pomagam!"},"content":{"rendered":"<p>03.03.2016 r.<\/p>\n<p>W dniach 04 i 05 marca 2016 roku (pi\u0105tek, sobota) w godzinach 12:00 \u2013 20:00 w pi\u0105tek oraz w sobot\u0119 od godziny 10:00 \u2013 20:00 lub do zamkni\u0119cia sklepu, Caritas Diecezjalne organizuj\u0105 dziesi\u0105t\u0105 zbi\u00f3rk\u0119 \u017cywno\u015bci pod has\u0142em: \u201eTak, POMAGAM!\u201d.<\/p>\n<p>Podczas wielkanocnej zbi\u00f3rki, kt\u00f3ra zostanie przeprowadzona w supermarketach i sieciach handlowych w ca\u0142ej Polsce, wolontariusze b\u0119d\u0105 zbiera\u0107 artyku\u0142y spo\u017cywcze z d\u0142ugim terminem przydatno\u015bci do spo\u017cycia oraz \u0142atwe w przechowywaniu, z kt\u00f3rych plac\u00f3wki Caritas, przygotuj\u0105 \u015bwi\u0105teczne posi\u0142ki i paczki dla najubo\u017cszych rodzin.<\/p>\n<p>Zbiera\u0107 b\u0119dziemy artyku\u0142y codziennej potrzeby takie jak: mleko, m\u0105k\u0119, cukier, makaron, ry\u017c, p\u0142atki kukurydziane, herbat\u0119, s\u0142odycze dla najm\u0142odszych oraz konserwy mi\u0119sne i rybne, a tak\u017ce \u015brodki czysto\u015bci.<\/p>\n<p>Paczki \u017cywno\u015bciowe z artyku\u0142ami spo\u017cywczymi, trafi\u0105 w pierwszej kolejno\u015bci do rodzin b\u0119d\u0105cych w trudnej sytuacji materialnej \u2013 informuje zast\u0119pca dyrektora Caritas Polska ks. Marek Dec. Caritas pomo\u017ce r\u00f3wnie\u017c rodzinom i osobom samotnym, kt\u00f3re obj\u0119te s\u0105 pomoc\u0105 Caritas.<\/p>\n<p>Wielkanocna zbi\u00f3rka prowadzona b\u0119dzie w sklepach sieci: Biedronka, POLOmarket, Lewiatan, Mila, w hipermarketach: Carrefour, Auchan, Tesco, w sklepach: Spo\u0142em, Netto, ABC, Intermarche, Jedynka, Piotr i Pawe\u0142, Real, Stokrotka, i wielu innych.<\/p>\n<p>W ci\u0105gu dziewi\u0119ciu dotychczas przeprowadzonych zbi\u00f3rek \u017cywno\u015bci wolontariusze zebrali ponad 2,800 ton \u017cywno\u015bci, a nasze paczki trafi\u0142y do oko\u0142o 608 tys. os\u00f3b z rodzin wielodzietnych, samotnych rodzic\u00f3w, bezdomnych i chorych oraz do plac\u00f3wek prowadzonych przez diecezjalne Caritas. Ka\u017cdorazowo w akcji uczestniczy oko\u0142o 10 tys. wolontariuszy Parafialnych Zespo\u0142\u00f3w Caritas i Szkolnych K\u00f3\u0142 Caritas, kt\u00f3rzy zbieraj\u0105 \u017cywno\u015b\u0107 w oko\u0142o 2 tys. sklep\u00f3w w ca\u0142ej Polsce.<\/p>\n<p><img loading=\"lazy\" class=\"aligncenter size-medium wp-image-161\" src=\"http:\/\/caritas.diecezja.wloclawek.pl\/wp-content\/uploads\/2017\/09\/Tak-pomagam-ogolny-300x153.jpg\" alt=\"\" width=\"300\" height=\"153\" srcset=\"http:\/\/caritas.diecezja.wloclawek.pl\/wp-content\/uploads\/2017\/09\/Tak-pomagam-ogolny-300x153.jpg 300w, http:\/\/caritas.diecezja.wloclawek.pl\/wp-content\/uploads\/2017\/09\/Tak-pomagam-ogolny.jpg 700w\" sizes=\"(max-width: 300px) 100vw, 300px\" \/><\/p>\n","protected":false},"excerpt":{"rendered":"<p>&#46;&#46;&#46;<\/p>\n","protected":false},"author":1,"featured_media":161,"comment_status":"open","ping_status":"open","sticky":false,"template":"","format":"standard","meta":[],"categories":[2],"tags":[],"_links":{"self":[{"href":"http:\/\/caritas.diecezja.wloclawek.pl\/index.php?rest_route=\/wp\/v2\/posts\/165"}],"collection":[{"href":"http:\/\/caritas.diecezja.wloclawek.pl\/index.php?rest_route=\/wp\/v2\/posts"}],"about":[{"href":"http:\/\/caritas.diecezja.wloclawek.pl\/index.php?rest_route=\/wp\/v2\/types\/post"}],"author":[{"embeddable":true,"href":"http:\/\/caritas.diecezja.wloclawek.pl\/index.php?rest_route=\/wp\/v2\/users\/1"}],"replies":[{"embeddable":true,"href":"http:\/\/caritas.diecezja.wloclawek.pl\/index.php?rest_route=%2Fwp%2Fv2%2Fcomments&post=165"}],"version-history":[{"count":1,"href":"http:\/\/caritas.diecezja.wloclawek.pl\/index.php?rest_route=\/wp\/v2\/posts\/165\/revisions"}],"predecessor-version":[{"id":166,"href":"http:\/\/caritas.diecezja.wloclawek.pl\/index.php?rest_route=\/wp\/v2\/posts\/165\/revisions\/166"}],"wp:featuredmedia":[{"embeddable":true,"href":"http:\/\/caritas.diecezja.wloclawek.pl\/index.php?rest_route=\/wp\/v2\/media\/161"}],"wp:attachment":[{"href":"http:\/\/caritas.diecezja.wloclawek.pl\/index.php?rest_route=%2Fwp%2Fv2%2Fmedia&parent=165"}],"wp:term":[{"taxonomy":"category","embeddable":true,"href":"http:\/\/caritas.diecezja.wloclawek.pl\/index.php?rest_route=%2Fwp%2Fv2%2Fcategories&post=165"},{"taxonomy":"post_tag","embeddable":true,"href":"http:\/\/caritas.diecezja.wloclawek.pl\/index.php?rest_route=%2Fwp%2Fv2%2Ftags&post=165"}],"curies":[{"name":"wp","href":"https:\/\/api.w.org\/{rel}","templated":true}]}}