{"id":163,"date":"2016-03-21T23:04:36","date_gmt":"2016-03-21T22:04:36","guid":{"rendered":"http:\/\/caritas.diecezja.wloclawek.pl\/?p=163"},"modified":"2017-09-30T23:05:49","modified_gmt":"2017-09-30T22:05:49","slug":"zdunska-wola-pomoc-wielkanocna-w-parafii-sw-pawla","status":"publish","type":"post","link":"http:\/\/caritas.diecezja.wloclawek.pl\/?p=163","title":{"rendered":"Zdu\u0144ska Wola: Pomoc Wielkanocna w parafii \u015bw. Paw\u0142a"},"content":{"rendered":"<p>21.03.2016 r.<\/p>\n<p>Parafialny Zesp\u00f3\u0142 Caritas przy Parafii \u015bw. Paw\u0142a Aposto\u0142a w Zdu\u0144skiej Woli oraz Szkolne Ko\u0142o Caritas dzia\u0142aj\u0105ce przy Zespole Szk\u00f3\u0142 nr 1 podczas og\u00f3lnopolskiej akcji Caritas \u201eTak pomagamy\u201d w dniach 4 \u2013 5 marca 2016 roku zebra\u0142o w dyskoncie Biedronki 1 000 kg \u017cywno\u015bci. Z ofiar z\u0142o\u017conych na ja\u0142mu\u017cn\u0119 postn\u0105 zakupiono 650 kg \u017cywno\u015bci.<br \/>\nW sobot\u0119 12 marca rozdano podopiecznym prawie 2 tony jab\u0142ek a p\u00f3\u0142 tony przekazano dla dzieci w przedszkolach i szko\u0142ach z terenu parafii. Sobot\u0119 19 marca rozdano paczki na \u015bwi\u0119ta wielkanocne dla 116 rodzin obj\u0119tych pomoc\u0105 Caritas, a Szkolne Ko\u0142o Caritas przygotowa\u0142o i roznios\u0142o 48 paczek \u015bwi\u0105tecznych ze s\u0142odyczami dla dzieci.<\/p>\n<p>ks. Andrzej Jaworski<\/p>\n","protected":false},"excerpt":{"rendered":"<p>&#46;&#46;&#46;<\/p>\n","protected":false},"author":1,"featured_media":0,"comment_status":"open","ping_status":"open","sticky":false,"template":"","format":"standard","meta":[],"categories":[2],"tags":[],"_links":{"self":[{"href":"http:\/\/caritas.diecezja.wloclawek.pl\/index.php?rest_route=\/wp\/v2\/posts\/163"}],"collection":[{"href":"http:\/\/caritas.diecezja.wloclawek.pl\/index.php?rest_route=\/wp\/v2\/posts"}],"about":[{"href":"http:\/\/caritas.diecezja.wloclawek.pl\/index.php?rest_route=\/wp\/v2\/types\/post"}],"author":[{"embeddable":true,"href":"http:\/\/caritas.diecezja.wloclawek.pl\/index.php?rest_route=\/wp\/v2\/users\/1"}],"replies":[{"embeddable":true,"href":"http:\/\/caritas.diecezja.wloclawek.pl\/index.php?rest_route=%2Fwp%2Fv2%2Fcomments&post=163"}],"version-history":[{"count":1,"href":"http:\/\/caritas.diecezja.wloclawek.pl\/index.php?rest_route=\/wp\/v2\/posts\/163\/revisions"}],"predecessor-version":[{"id":164,"href":"http:\/\/caritas.diecezja.wloclawek.pl\/index.php?rest_route=\/wp\/v2\/posts\/163\/revisions\/164"}],"wp:attachment":[{"href":"http:\/\/caritas.diecezja.wloclawek.pl\/index.php?rest_route=%2Fwp%2Fv2%2Fmedia&parent=163"}],"wp:term":[{"taxonomy":"category","embeddable":true,"href":"http:\/\/caritas.diecezja.wloclawek.pl\/index.php?rest_route=%2Fwp%2Fv2%2Fcategories&post=163"},{"taxonomy":"post_tag","embeddable":true,"href":"http:\/\/caritas.diecezja.wloclawek.pl\/index.php?rest_route=%2Fwp%2Fv2%2Ftags&post=163"}],"curies":[{"name":"wp","href":"https:\/\/api.w.org\/{rel}","templated":true}]}}