{"id":160,"date":"2016-03-22T23:02:29","date_gmt":"2016-03-22T22:02:29","guid":{"rendered":"http:\/\/caritas.diecezja.wloclawek.pl\/?p=160"},"modified":"2017-09-30T23:04:10","modified_gmt":"2017-09-30T22:04:10","slug":"podsumowanie-x-zbiorki-zywnosci-tak-pomagam","status":"publish","type":"post","link":"http:\/\/caritas.diecezja.wloclawek.pl\/?p=160","title":{"rendered":"Podsumowanie X Zbi\u00f3rki \u017bywno\u015bci \u2013 Tak, pomagam!"},"content":{"rendered":"<p>22.03.2016 r.<\/p>\n<p>Oko\u0142o 450 ton \u017cywno\u015bci trafi przed \u015bwi\u0119tami Wielkanocnymi do oko\u0142o 71 tys. os\u00f3b z rodzin wielodzietnych, samotnych rodzic\u00f3w, bezdomnych i chorych oraz do plac\u00f3wek prowadzonych przez 38 diecezjalnych Caritas, dzi\u0119ki przeprowadzonej w dniach 04-05 marca przed\u015bwi\u0105tecznej \u2013 X Zbi\u00f3rce \u017bywno\u015bci.<br \/>\nW akcj\u0119 zaanga\u017cowanych by\u0142o prawie 20 tys. wolontariuszy z Parafialnych Zespo\u0142\u00f3w Caritas i Szkolnych K\u00f3\u0142 Caritas w ca\u0142ej Polsce, kt\u00f3rzy zbierali \u017cywno\u015b\u0107 w sklepach, by m\u00f3c przygotowa\u0107 \u015bwi\u0105teczne paczki dla potrzebuj\u0105cych. W naszej diecezji w akcj\u0119 w\u0142\u0105czy\u0142y si\u0119 3 Szkolne Ko\u0142a Caritas z Baruchowa, Sieradza i Zadusznik, i 1 Parafialny Zesp\u00f3\u0142 Caritas z parafii w Kruszynie i \u015bw. Paw\u0142a w Zdu\u0144skiej Woli. Zebrano 1748 kg \u017cywno\u015bci z 5 sklep\u00f3w (3x Lewiatan, Biedronka i Delikatesy). Zaanga\u017cowanych w zbi\u00f3rk\u0119 by\u0142o 115 wolontariuszy.<br \/>\nX Zbi\u00f3rka \u017bywno\u015bci Caritas odby\u0142a si\u0119 w pi\u0105tek i sobot\u0119 04 \u2013 05 marca. Wolontariusze pracowali w 2180 sklepach w ca\u0142ej Polsce, w tym w 1124 sklepach sieci Biedronka, 69 sklepach sieci Lewiatan, 63 sklepach POLOmarket oraz 40 hipermarketach Carrefour, 9 sklepach ABC, 65 sklepach Netto, w 23 sklepach Intermarche, 92 sklepach Spo\u0142em, 21 sklepach TESCO oraz 19 sklepach MILA. Wolontariusze zbierali \u017cywno\u015b\u0107 r\u00f3wnie\u017c w sklepach: Auchan, Piotr i Pawe\u0142, Real, Stokrotka i wielu innych.<\/p>\n<p>W koszach Caritas znalaz\u0142y si\u0119: mleko, m\u0105ka, cukier, makaron, ry\u017c, p\u0142atki kukurydziane, olej, konserwy mi\u0119sne i warzywne, d\u017cemy, majonez, sosy i zupy w proszku, herbata, p\u0142atki \u015bniadaniowe, napoje i s\u0142odycze dla najm\u0142odszych, a tak\u017ce \u015brodki czysto\u015bci.<\/p>\n<p>Zebrane artyku\u0142y zostan\u0105 przekazane potrzebuj\u0105cym w formie \u015bwi\u0105tecznych paczek oraz jako pomoc dora\u017ana dla plac\u00f3wek Caritas. Okres \u015awi\u0105teczny jest czasem szczeg\u00f3lnej troski o potrzebuj\u0105cych. W ostatnich latach przyby\u0142o w naszym kraju rodzin w niezwykle trudnej sytuacji materialnej, co jest odczuwalne we wszystkich diecezjalnych Caritas, udzielaj\u0105cych pomocy dora\u017anej.<\/p>\n<p>Sk\u0142adamy serdeczne podzi\u0119kowania ka\u017cdemu, kto zaanga\u017cowa\u0142 si\u0119 w przeprowadzane przez Caritas zbi\u00f3rki. To dzi\u0119ki ludziom dobrej woli \u2013 mo\u017cemy pomaga\u0107. Szczeg\u00f3lne podzi\u0119kowania nale\u017c\u0105 si\u0119 opiekunom SKC i PZC i kierownikom sklep\u00f3w, w kt\u00f3rych uda\u0142o si\u0119 X raz przeprowadzi\u0107 zbi\u00f3rk\u0119 oraz wolontariuszom.<\/p>\n<p>&nbsp;<\/p>\n<p><img loading=\"lazy\" class=\"aligncenter size-medium wp-image-161\" src=\"http:\/\/caritas.diecezja.wloclawek.pl\/wp-content\/uploads\/2017\/09\/Tak-pomagam-ogolny-300x153.jpg\" alt=\"\" width=\"300\" height=\"153\" srcset=\"http:\/\/caritas.diecezja.wloclawek.pl\/wp-content\/uploads\/2017\/09\/Tak-pomagam-ogolny-300x153.jpg 300w, http:\/\/caritas.diecezja.wloclawek.pl\/wp-content\/uploads\/2017\/09\/Tak-pomagam-ogolny.jpg 700w\" sizes=\"(max-width: 300px) 100vw, 300px\" \/><\/p>\n","protected":false},"excerpt":{"rendered":"<p>&#46;&#46;&#46;<\/p>\n","protected":false},"author":1,"featured_media":161,"comment_status":"open","ping_status":"open","sticky":false,"template":"","format":"standard","meta":[],"categories":[2],"tags":[],"_links":{"self":[{"href":"http:\/\/caritas.diecezja.wloclawek.pl\/index.php?rest_route=\/wp\/v2\/posts\/160"}],"collection":[{"href":"http:\/\/caritas.diecezja.wloclawek.pl\/index.php?rest_route=\/wp\/v2\/posts"}],"about":[{"href":"http:\/\/caritas.diecezja.wloclawek.pl\/index.php?rest_route=\/wp\/v2\/types\/post"}],"author":[{"embeddable":true,"href":"http:\/\/caritas.diecezja.wloclawek.pl\/index.php?rest_route=\/wp\/v2\/users\/1"}],"replies":[{"embeddable":true,"href":"http:\/\/caritas.diecezja.wloclawek.pl\/index.php?rest_route=%2Fwp%2Fv2%2Fcomments&post=160"}],"version-history":[{"count":1,"href":"http:\/\/caritas.diecezja.wloclawek.pl\/index.php?rest_route=\/wp\/v2\/posts\/160\/revisions"}],"predecessor-version":[{"id":162,"href":"http:\/\/caritas.diecezja.wloclawek.pl\/index.php?rest_route=\/wp\/v2\/posts\/160\/revisions\/162"}],"wp:featuredmedia":[{"embeddable":true,"href":"http:\/\/caritas.diecezja.wloclawek.pl\/index.php?rest_route=\/wp\/v2\/media\/161"}],"wp:attachment":[{"href":"http:\/\/caritas.diecezja.wloclawek.pl\/index.php?rest_route=%2Fwp%2Fv2%2Fmedia&parent=160"}],"wp:term":[{"taxonomy":"category","embeddable":true,"href":"http:\/\/caritas.diecezja.wloclawek.pl\/index.php?rest_route=%2Fwp%2Fv2%2Fcategories&post=160"},{"taxonomy":"post_tag","embeddable":true,"href":"http:\/\/caritas.diecezja.wloclawek.pl\/index.php?rest_route=%2Fwp%2Fv2%2Ftags&post=160"}],"curies":[{"name":"wp","href":"https:\/\/api.w.org\/{rel}","templated":true}]}}