{"id":157,"date":"2016-04-05T22:59:30","date_gmt":"2016-04-05T21:59:30","guid":{"rendered":"http:\/\/caritas.diecezja.wloclawek.pl\/?p=157"},"modified":"2017-09-30T23:01:41","modified_gmt":"2017-09-30T22:01:41","slug":"trwa-72-tydzien-milosierdzia","status":"publish","type":"post","link":"http:\/\/caritas.diecezja.wloclawek.pl\/?p=157","title":{"rendered":"Trwa 72. Tydzie\u0144 Mi\u0142osierdzia"},"content":{"rendered":"<p><img loading=\"lazy\" class=\"alignleft size-thumbnail wp-image-158\" src=\"http:\/\/caritas.diecezja.wloclawek.pl\/wp-content\/uploads\/2017\/09\/72_Tydzien_Milosierdzia_2016-150x150.jpg\" alt=\"\" width=\"150\" height=\"150\" srcset=\"http:\/\/caritas.diecezja.wloclawek.pl\/wp-content\/uploads\/2017\/09\/72_Tydzien_Milosierdzia_2016-150x150.jpg 150w, http:\/\/caritas.diecezja.wloclawek.pl\/wp-content\/uploads\/2017\/09\/72_Tydzien_Milosierdzia_2016-160x160.jpg 160w, http:\/\/caritas.diecezja.wloclawek.pl\/wp-content\/uploads\/2017\/09\/72_Tydzien_Milosierdzia_2016-320x320.jpg 320w\" sizes=\"(max-width: 150px) 100vw, 150px\" \/>05.04.2016 r.<\/p>\n<p>Niedziela Mi\u0142osierdzia rozpocz\u0119\u0142a 72. Tydzie\u0144 Mi\u0142osierdzia. Tym razem przebiega on pod has\u0142em nawi\u0105zuj\u0105cym do og\u0142oszonego przez Papie\u017ca Franciszka Roku Mi\u0142osierdzia: \u201eMi\u0142osierni jak Ojciec\u201d.<br \/>\nObchody Tygodnia Mi\u0142osierdzia odbywaj\u0105 si\u0119 przede wszystkim w diecezjach. Zazwyczaj przewodniczy im biskup diecezjalny, organizuj\u0105 je Caritas Diecezjalne. Jest to zawsze okazja do radosnego i \u015bwi\u0105tecznego spotkania tych, kt\u00f3rzy, na co dzie\u0144 oddaj\u0105 si\u0119 pracy charytatywnej, nios\u0105c pomoc bli\u017anim. Chodzi tu przede wszystkim o wolontariuszy zw\u0142aszcza ze Szkolnych K\u00f3\u0142 Caritas i Parafialnych Zespo\u0142\u00f3w Caritas. To tak\u017ce \u015bwi\u0119to wszystkich, kt\u00f3rzy czuj\u0105 si\u0119 wewn\u0119trznie wezwani do tego, \u017ceby na\u015bladowa\u0107 Chrystusa, jako Dobrego Samarytanina i dla samej Caritas okazja do wyra\u017cenia wdzi\u0119czno\u015bci wszystkim naszym ofiarodawcom.<\/p>\n<p>Historia obchod\u00f3w Tygodnia Mi\u0142osierdzia rozpocz\u0119\u0142a si\u0119 23 lutego 1937 r., kiedy na pierwszym og\u00f3lnopolskim zje\u017adzie dyrektor\u00f3w diecezjalnych Caritas \u2013 najwi\u0119kszej obecnie pozarz\u0105dowej organizacji charytatywnej w Polsce \u2013 podj\u0119to decyzj\u0119 o zorganizowaniu Dni Mi\u0142osierdzia. Przed II wojn\u0105 \u015bwiatow\u0105 w ich obchody w\u0142\u0105cza\u0142y si\u0119 opr\u00f3cz \u015brodowisk religijnych tak\u017ce w\u0142adze pa\u0144stwowe i lokalne oraz media. Po II wojnie \u015bwiatowej pomys\u0142 podj\u0119to ponownie. Przy okazji tych obchod\u00f3w zbierano fundusze na pomoc potrzebuj\u0105cym.<\/p>\n<p>Celem Tygodnia Mi\u0142osierdzia jest przede wszystkim formacja \u2013 budzenie wra\u017cliwo\u015bci na potrzeby bli\u017anich: chorych, samotnych, bezrobotnych, bezdomnych i prze\u015bladowanych. Obchody s\u0105 okazj\u0105 do g\u0142\u0119bszej refleksji na temat mi\u0142osierdzia czynionego na co dzie\u0144, s\u0142u\u017c\u0105 tak\u017ce prezentacji pracy, jak\u0105 r\u00f3\u017cne organizacje charytatywne wykonuj\u0105 na polu pomocy charytatywnej i s\u0105 zach\u0119t\u0105 do aktywnego w\u0142\u0105czania si\u0119 w dzie\u0142a mi\u0142osierdzia.<\/p>\n<p>Co roku w Tygodniu Mi\u0142osierdzia w sanktuarium Bo\u017cego Mi\u0142osierdzia w Krakowie-\u0141agiewnikach ma miejsce Og\u00f3lnopolska Pielgrzymka Pracownik\u00f3w i Wolontariuszy Caritas. W tym roku spotkanie odb\u0119dzie si\u0119 w sobot\u0119 9 kwietnia.<\/p>\n","protected":false},"excerpt":{"rendered":"<p>&#46;&#46;&#46;<\/p>\n","protected":false},"author":1,"featured_media":158,"comment_status":"open","ping_status":"open","sticky":false,"template":"","format":"standard","meta":[],"categories":[2],"tags":[],"_links":{"self":[{"href":"http:\/\/caritas.diecezja.wloclawek.pl\/index.php?rest_route=\/wp\/v2\/posts\/157"}],"collection":[{"href":"http:\/\/caritas.diecezja.wloclawek.pl\/index.php?rest_route=\/wp\/v2\/posts"}],"about":[{"href":"http:\/\/caritas.diecezja.wloclawek.pl\/index.php?rest_route=\/wp\/v2\/types\/post"}],"author":[{"embeddable":true,"href":"http:\/\/caritas.diecezja.wloclawek.pl\/index.php?rest_route=\/wp\/v2\/users\/1"}],"replies":[{"embeddable":true,"href":"http:\/\/caritas.diecezja.wloclawek.pl\/index.php?rest_route=%2Fwp%2Fv2%2Fcomments&post=157"}],"version-history":[{"count":1,"href":"http:\/\/caritas.diecezja.wloclawek.pl\/index.php?rest_route=\/wp\/v2\/posts\/157\/revisions"}],"predecessor-version":[{"id":159,"href":"http:\/\/caritas.diecezja.wloclawek.pl\/index.php?rest_route=\/wp\/v2\/posts\/157\/revisions\/159"}],"wp:featuredmedia":[{"embeddable":true,"href":"http:\/\/caritas.diecezja.wloclawek.pl\/index.php?rest_route=\/wp\/v2\/media\/158"}],"wp:attachment":[{"href":"http:\/\/caritas.diecezja.wloclawek.pl\/index.php?rest_route=%2Fwp%2Fv2%2Fmedia&parent=157"}],"wp:term":[{"taxonomy":"category","embeddable":true,"href":"http:\/\/caritas.diecezja.wloclawek.pl\/index.php?rest_route=%2Fwp%2Fv2%2Fcategories&post=157"},{"taxonomy":"post_tag","embeddable":true,"href":"http:\/\/caritas.diecezja.wloclawek.pl\/index.php?rest_route=%2Fwp%2Fv2%2Ftags&post=157"}],"curies":[{"name":"wp","href":"https:\/\/api.w.org\/{rel}","templated":true}]}}