{"id":150,"date":"2016-04-20T22:50:14","date_gmt":"2016-04-20T21:50:14","guid":{"rendered":"http:\/\/caritas.diecezja.wloclawek.pl\/?p=150"},"modified":"2017-09-30T22:53:14","modified_gmt":"2017-09-30T21:53:14","slug":"8-maja-dzien-solidarnosci-z-ofiarami-kataklizmu-w-ekwadorze","status":"publish","type":"post","link":"http:\/\/caritas.diecezja.wloclawek.pl\/?p=150","title":{"rendered":"8 maja \u2013 dzie\u0144 solidarno\u015bci z ofiarami kataklizmu w Ekwadorze"},"content":{"rendered":"<p><img loading=\"lazy\" class=\"alignleft  wp-image-151\" src=\"http:\/\/caritas.diecezja.wloclawek.pl\/wp-content\/uploads\/2017\/09\/Ekwador1-150x150.jpg\" alt=\"\" width=\"188\" height=\"188\" srcset=\"http:\/\/caritas.diecezja.wloclawek.pl\/wp-content\/uploads\/2017\/09\/Ekwador1-150x150.jpg 150w, http:\/\/caritas.diecezja.wloclawek.pl\/wp-content\/uploads\/2017\/09\/Ekwador1-160x160.jpg 160w, http:\/\/caritas.diecezja.wloclawek.pl\/wp-content\/uploads\/2017\/09\/Ekwador1-320x320.jpg 320w\" sizes=\"(max-width: 188px) 100vw, 188px\" \/>W odpowiedzi na apel Ojca \u015awi\u0119tego Franciszka niedziela 8\u00a0maja b\u0119dzie prze\u017cywana jako dzie\u0144 solidarno\u015bci z\u00a0ofiarami trz\u0119sienia ziemi w\u00a0Ekwadorze. Wsparcie dla poszkodowanych w\u00a0kataklizmie b\u0119dzie mo\u017cna wyrazi\u0107 poprzez modlitw\u0119 oraz ofiary sk\u0142adane tego dnia do puszek.<\/p>\n<p>Ponad p\u00f3\u0142 tysi\u0105ca os\u00f3b zgin\u0119\u0142o, a\u00a0tysi\u0105ce zosta\u0142y ranne i\u00a0bez dachu nad g\u0142ow\u0105 w\u00a0wyniku trz\u0119sienia ziemi w\u00a0Ekwadorze w\u00a0kwietniu br. Wiele os\u00f3b jest pozbawionych \u015brodk\u00f3w do \u017cycia i\u00a0podstawowych \u015brodk\u00f3w medycznych. Zniszczonych jest wiele osiedli oraz dr\u00f3g. &#8211;\u00a0Potrzebna jest zar\u00f3wno modlitwa, jak te\u017c wsparcie os\u00f3b poszkodowanych, w\u00a0tym szczeg\u00f3lnie pomoc dla cierpi\u0105cych w\u00a0szpitalach \u2013 zwraca uwag\u0119 przewodnicz\u0105cy Konferencji Episkopatu Polski abp Stanis\u0142aw G\u0105decki.<\/p>\n<p>Ekwador pilnie potrzebuje pomocy!<\/p>\n<p>&nbsp;<\/p>\n","protected":false},"excerpt":{"rendered":"<p>&#46;&#46;&#46;<\/p>\n","protected":false},"author":1,"featured_media":151,"comment_status":"open","ping_status":"open","sticky":false,"template":"","format":"standard","meta":[],"categories":[2],"tags":[],"_links":{"self":[{"href":"http:\/\/caritas.diecezja.wloclawek.pl\/index.php?rest_route=\/wp\/v2\/posts\/150"}],"collection":[{"href":"http:\/\/caritas.diecezja.wloclawek.pl\/index.php?rest_route=\/wp\/v2\/posts"}],"about":[{"href":"http:\/\/caritas.diecezja.wloclawek.pl\/index.php?rest_route=\/wp\/v2\/types\/post"}],"author":[{"embeddable":true,"href":"http:\/\/caritas.diecezja.wloclawek.pl\/index.php?rest_route=\/wp\/v2\/users\/1"}],"replies":[{"embeddable":true,"href":"http:\/\/caritas.diecezja.wloclawek.pl\/index.php?rest_route=%2Fwp%2Fv2%2Fcomments&post=150"}],"version-history":[{"count":1,"href":"http:\/\/caritas.diecezja.wloclawek.pl\/index.php?rest_route=\/wp\/v2\/posts\/150\/revisions"}],"predecessor-version":[{"id":152,"href":"http:\/\/caritas.diecezja.wloclawek.pl\/index.php?rest_route=\/wp\/v2\/posts\/150\/revisions\/152"}],"wp:featuredmedia":[{"embeddable":true,"href":"http:\/\/caritas.diecezja.wloclawek.pl\/index.php?rest_route=\/wp\/v2\/media\/151"}],"wp:attachment":[{"href":"http:\/\/caritas.diecezja.wloclawek.pl\/index.php?rest_route=%2Fwp%2Fv2%2Fmedia&parent=150"}],"wp:term":[{"taxonomy":"category","embeddable":true,"href":"http:\/\/caritas.diecezja.wloclawek.pl\/index.php?rest_route=%2Fwp%2Fv2%2Fcategories&post=150"},{"taxonomy":"post_tag","embeddable":true,"href":"http:\/\/caritas.diecezja.wloclawek.pl\/index.php?rest_route=%2Fwp%2Fv2%2Ftags&post=150"}],"curies":[{"name":"wp","href":"https:\/\/api.w.org\/{rel}","templated":true}]}}