{"id":10940,"date":"2026-02-27T08:40:11","date_gmt":"2026-02-27T07:40:11","guid":{"rendered":"https:\/\/caritas.diecezja.wloclawek.pl\/?p=10940"},"modified":"2026-02-27T08:40:11","modified_gmt":"2026-02-27T07:40:11","slug":"caritas-diecezji-wloclawskiej-wlacza-sie-w-kolejna-edycje-programu-fepz","status":"publish","type":"post","link":"http:\/\/caritas.diecezja.wloclawek.pl\/?p=10940","title":{"rendered":"Caritas Diecezji W\u0142oc\u0142awskiej w\u0142\u0105cza si\u0119 w kolejn\u0105 edycj\u0119 Programu FEP\u017b"},"content":{"rendered":"<p>Caritas Diecezji W\u0142oc\u0142awskiej po raz kolejny podpisa\u0142a umow\u0119 na realizacj\u0119 dystrybucji \u017cywno\u015bci oraz dzia\u0142a\u0144 towarzysz\u0105cych w ramach <strong>Programu Fundusze Europejskie na Pomoc \u017bywno\u015bciow\u0105 2021\u20132027 (FEP\u017b) \u2013 Podprogram 2025<\/strong>.<\/p>\n<p>W ramach programu w\u0142oc\u0142awska Caritas przeka\u017ce <strong>16 400 paczek \u017cywno\u015bciowych<\/strong> potrzebuj\u0105cym z diecezji w\u0142oc\u0142awskiej. Zakup produkt\u00f3w zosta\u0142 dofinansowany z Programu FEP\u017b.<\/p>\n<p>Celem programu jest <strong>przeciwdzia\u0142anie deprywacji materialnej<\/strong> poprzez udzielanie pomocy \u017cywno\u015bciowej osobom najbardziej potrzebuj\u0105cym oraz zapewnienie wsparcia towarzysz\u0105cego, wspieraj\u0105cego ich w\u0142\u0105czenie spo\u0142eczne.<\/p>\n<p><strong>Cele szczeg\u00f3\u0142owe programu<\/strong><\/p>\n<ul>\n<li>Organizacja i koordynacja sieci dystrybucji pomocy \u017cywno\u015bciowej w OPR i OPL zgodnie z zasadami programu.<\/li>\n<li>Racjonalne zagospodarowanie artyku\u0142\u00f3w spo\u017cywczych z KOWR i innych \u017ar\u00f3de\u0142 na potrzeby os\u00f3b potrzebuj\u0105cych.<\/li>\n<li>Przekazanie \u017cywno\u015bci osobom zakwalifikowanym do pomocy zgodnie z zasadami programu.<\/li>\n<li>Prowadzenie dzia\u0142a\u0144 w ramach \u015brodk\u00f3w towarzysz\u0105cych, maj\u0105cych na celu w\u0142\u0105czenie spo\u0142eczne os\u00f3b najbardziej potrzebuj\u0105cych.<\/li>\n<\/ul>\n<p><strong>Okres realizacji programu:<\/strong> stycze\u0144 \u2013 wrzesie\u0144 2026<br \/>\n<strong>Dostawy artyku\u0142\u00f3w spo\u017cywczych do Organizacji Partnerskich Regionalnych:<\/strong> od lutego 2026<br \/>\n<strong>Dystrybucja \u017cywno\u015bci do os\u00f3b potrzebuj\u0105cych:<\/strong> do ko\u0144ca wrze\u015bnia 2026<\/p>\n<p><strong>\u0179r\u00f3d\u0142o finansowania:<\/strong><\/p>\n<ul>\n<li>90% \u2013 \u015brodki europejskie (Europejski Fundusz Spo\u0142eczny Plus)<\/li>\n<li>10% \u2013 bud\u017cet krajowy<\/li>\n<\/ul>\n<p>Program realizowany jest pod nadzorem <strong>Ministerstwa Rodziny i Polityki Spo\u0142ecznej<\/strong> oraz <strong>Krajowego O\u015brodka Wsparcia Rolnictwa<\/strong>.<\/p>\n<p><strong>Grupa docelowa<\/strong><\/p>\n<p>Pomoc w ramach programu mog\u0105 otrzyma\u0107:<\/p>\n<ul>\n<li>osoby najbardziej potrzebuj\u0105ce z skierowaniem z O\u015brodka Pomocy Spo\u0142ecznej,<\/li>\n<li>osoby bezdomne zakwalifikowane do Podprogramu 2025.<\/li>\n<\/ul>\n<p>Wsparcie przys\u0142uguje osobom i rodzinom w trudnej sytuacji \u017cyciowej, spe\u0142niaj\u0105cym kryteria art. 7 ustawy o pomocy spo\u0142ecznej, kt\u00f3rych doch\u00f3d nie przekracza <strong>265% kryterium dochodowego<\/strong>:<\/p>\n<ul>\n<li><strong>2 676,50 PLN<\/strong> \u2013 osoba samotnie gospodaruj\u0105ca<\/li>\n<li><strong>2 180,95 PLN<\/strong> \u2013 osoba w rodzinie<\/li>\n<\/ul>\n<p><strong>Podstawy wydawania pomocy:<\/strong><\/p>\n<ul>\n<li>skierowanie \u2013 za\u0142\u0105cznik nr 5 do Wytycznych IZ (wydaje OPS)<\/li>\n<li>lista os\u00f3b zakwalifikowanych \u2013 za\u0142\u0105cznik nr 2 wraz z za\u0142\u0105cznikami nr 7 (wydaje OPS)<\/li>\n<li>kwalifikacja osoby w kryzysie bezdomno\u015bci \u2013 za\u0142\u0105cznik nr 6 do Wytycznych IZ (kwalifikuje OPR\/OPL)<\/li>\n<\/ul>\n<p>Dystrybucj\u0119 pomocy prowadz\u0105 <strong>Organizacje Partnerskie Lokalne<\/strong> oraz bezpo\u015brednio <strong>W\u0142oc\u0142awska Caritas<\/strong>.<\/p>\n<p><strong>Efekty i rezultaty<\/strong><\/p>\n<p>Program ma na celu <strong>zmniejszenie deprywacji materialnej<\/strong> os\u00f3b najbardziej potrzebuj\u0105cych oraz <strong>wspieranie ich w\u0142\u0105czenia spo\u0142ecznego<\/strong> poprzez dzia\u0142ania towarzysz\u0105ce.<br \/>\nSzczeg\u00f3\u0142owy harmonogram \u015brodk\u00f3w towarzysz\u0105cych znajdzie si\u0119 na stronie internetowej OPR.<\/p>\n<p><strong>Lista tegorocznych Organizacji Partnerskich Lokalnych (OPL) \u2013 Podprogram 2025<\/strong><\/p>\n<ol>\n<li><strong>Centrum Us\u0142ug Spo\u0142ecznych w Lubaniu<\/strong>, Lubanie 28A, 87-732 Lubanie, woj. kujawsko-pomorskie<\/li>\n<li><strong>Gminny O\u015brodek Pomocy Spo\u0142ecznej w Boniewie<\/strong>, ul. Szkolna 3, 87-851 Boniewo, woj. kujawsko-pomorskie<\/li>\n<li><strong>Gminny O\u015brodek Pomocy Spo\u0142ecznej w Dobrem<\/strong>, ul. Dworcowa 6, 88-210 Dobre, woj. kujawsko-pomorskie<\/li>\n<li><strong>Miejsko-Gminny O\u015brodek Pomocy Spo\u0142ecznej w Chodczu<\/strong>, ul. Kaliska 2, 87-860 Chodecz, woj. kujawsko-pomorskie<\/li>\n<li><strong>Parafia p.w. Matki Bo\u017cej Cz\u0119stochowskiej i \u015bw. Wac\u0142awa w Lubiczu G\u00f3rnym<\/strong>, ul. Polna 18, 87-162 Lubicz G\u00f3rny, woj. kujawsko-pomorskie<\/li>\n<li><strong>Gminny O\u015brodek Pomocy Spo\u0142ecznej w Top\u00f3lce<\/strong>, Top\u00f3lka 22, 87-875 Top\u00f3lka, woj. kujawsko-pomorskie<\/li>\n<li><strong>Miejski O\u015brodek Pomocy Spo\u0142ecznej w Kowalu<\/strong>, ul. Piwna 24, 87-820 Kowal, woj. kujawsko-pomorskie<\/li>\n<li><strong>O\u015brodek Pomocy Spo\u0142ecznej w Lubieniu Kujawskim<\/strong>, ul. 1 Maja 44, 87-840 Lubie\u0144 Kujawski, woj. kujawsko-pomorskie<\/li>\n<li><strong>Gminny O\u015brodek Pomocy Spo\u0142ecznej w Chrostkowie<\/strong>, Chrostkowo 99, 87-602 Chrostkowo, woj. kujawsko-pomorskie<\/li>\n<li><strong>Miejski O\u015brodek Pomocy Spo\u0142ecznej w Ciechocinku<\/strong>, ul. Kopernika 14, 87-720 Ciechocinek, woj. kujawsko-pomorskie<\/li>\n<li><strong>Miejsko-Gminny O\u015brodek Pomocy Spo\u0142ecznej w Piotrkowie Kujawskim<\/strong>, ul. S\u0142oneczna 32, 88-230 Piotrk\u00f3w Kujawski, woj. kujawsko-pomorskie<\/li>\n<li><strong>Parafia p.w. \u015bw. Paw\u0142a Aposto\u0142a w Zdu\u0144skiej Woli<\/strong>, ul. Zielona 49A, 98-220 Zdu\u0144ska Wola, woj. \u0142\u00f3dzkie<\/li>\n<li><strong>Gminny O\u015brodek Pomocy Spo\u0142ecznej w Konecku<\/strong>, ul. W. Luba\u0144skiego 11, 87-702 Koneck, woj. kujawsko-pomorskie<\/li>\n<li><strong>Gminny O\u015brodek Pomocy Spo\u0142ecznej w Izbicy Kujawskiej<\/strong>, ul. Pi\u0142sudskiego 32, 87-865 Izbica Kujawska, woj. kujawsko-pomorskie<\/li>\n<li><strong>Gminny O\u015brodek Pomocy Spo\u0142ecznej w Bytoniu<\/strong>, Byto\u0144 72, 88-231 Byto\u0144, woj. kujawsko-pomorskie<\/li>\n<li><strong>Gminny O\u015brodek Pomocy Spo\u0142ecznej w Baruchowie<\/strong>, Baruchowo 54, 87-821 Baruchowo, woj. kujawsko-pomorskie<\/li>\n<li><strong>Gminny O\u015brodek Pomocy Spo\u0142ecznej w Bobrownikach<\/strong>, ul. Nieszawska 10, 87-617 Bobrowniki, woj. kujawsko-pomorskie<\/li>\n<li><strong>Gminny O\u015brodek Pomocy Spo\u0142ecznej w Kowalu<\/strong>, ul. Piwna 24, 87-820 Kowal, woj. kujawsko-pomorskie<\/li>\n<li><strong>Parafia p.w. \u015bw. Wita w Tuliszkowie<\/strong>, ul. Pozna\u0144ska 1, 62-740 Tuliszk\u00f3w, woj. wielkopolskie<\/li>\n<li><strong>Miejsko-Gminny O\u015brodek Pomocy Spo\u0142ecznej w Lubra\u0144cu<\/strong>, ul. Brzeska 49, 87-890 Lubraniec, woj. kujawsko-pomorskie<\/li>\n<li><strong>Gminny O\u015brodek Pomocy Spo\u0142ecznej w Osi\u0119cinach<\/strong>, ul. Wojska Polskiego 14, 88-220 Osi\u0119ciny, woj. kujawsko-pomorskie<\/li>\n<li><strong>Gminny O\u015brodek Pomocy Spo\u0142ecznej w Obrowie<\/strong>, Aleja Lipowa 27, 87-126 Obrowo, woj. kujawsko-pomorskie<\/li>\n<li><strong>Gminny O\u015brodek Pomocy Spo\u0142ecznej w Radziejowie<\/strong>, ul. Ko\u015bciuszki 58, 88-200 Radziej\u00f3w, woj. kujawsko-pomorskie<\/li>\n<li><strong>Gminny O\u015brodek Pomocy Spo\u0142ecznej w Waga\u0144cu<\/strong>, ul. Dworcowa 7, 87-731 Waganiec, woj. kujawsko-pomorskie<\/li>\n<li><strong>Centrum Us\u0142ug Spo\u0142ecznych w Fabiankach<\/strong>, Fabianki 4, 87-811 Fabianki, woj. kujawsko-pomorskie<\/li>\n<li><strong>Miejski O\u015brodek Pomocy Spo\u0142ecznej w Nieszawie<\/strong>, ul. 3-go Maja 2, 87-730 Nieszawa, woj. kujawsko-pomorskie<\/li>\n<\/ol>\n<p><strong>Punkty Caritas:<\/strong><\/p>\n<ul>\n<li><strong>Caritas Diecezji W\u0142oc\u0142awskiej<\/strong>, ul. P\u0142ocka 2, 87-800 W\u0142oc\u0142awek \u2013 Punkt Wydawania \u017bywno\u015bci, woj. kujawsko-pomorskie<\/li>\n<li><strong>Caritas Diecezji W\u0142oc\u0142awskiej<\/strong>, ul. \u015aw. Maksymiliana Kolbego 2, 62-510 Konin \u2013 Centrum Caritas \u015aw. Maksymiliana w Koninie \u2013 Punkt Wydawania \u017bywno\u015bci, woj. wielkopolskie<\/li>\n<\/ul>\n<p style=\"text-align: center;\"><img loading=\"lazy\" class=\"alignnone  wp-image-10942\" src=\"http:\/\/caritas.diecezja.wloclawek.pl\/wp-content\/uploads\/2026\/02\/plakat-2_FEPZ_2025_A2-uwaga-dot.kaszy_-734x1024.jpg\" alt=\"\" width=\"1146\" height=\"1599\" srcset=\"http:\/\/caritas.diecezja.wloclawek.pl\/wp-content\/uploads\/2026\/02\/plakat-2_FEPZ_2025_A2-uwaga-dot.kaszy_-734x1024.jpg 734w, http:\/\/caritas.diecezja.wloclawek.pl\/wp-content\/uploads\/2026\/02\/plakat-2_FEPZ_2025_A2-uwaga-dot.kaszy_-215x300.jpg 215w, http:\/\/caritas.diecezja.wloclawek.pl\/wp-content\/uploads\/2026\/02\/plakat-2_FEPZ_2025_A2-uwaga-dot.kaszy_-768x1071.jpg 768w, http:\/\/caritas.diecezja.wloclawek.pl\/wp-content\/uploads\/2026\/02\/plakat-2_FEPZ_2025_A2-uwaga-dot.kaszy_-1101x1536.jpg 1101w, http:\/\/caritas.diecezja.wloclawek.pl\/wp-content\/uploads\/2026\/02\/plakat-2_FEPZ_2025_A2-uwaga-dot.kaszy_-1468x2048.jpg 1468w, http:\/\/caritas.diecezja.wloclawek.pl\/wp-content\/uploads\/2026\/02\/plakat-2_FEPZ_2025_A2-uwaga-dot.kaszy_-scaled.jpg 1835w\" sizes=\"(max-width: 1146px) 100vw, 1146px\" \/><\/p>\n","protected":false},"excerpt":{"rendered":"<p>&#46;&#46;&#46;<\/p>\n","protected":false},"author":2,"featured_media":10945,"comment_status":"closed","ping_status":"closed","sticky":false,"template":"","format":"standard","meta":[],"categories":[2],"tags":[],"_links":{"self":[{"href":"http:\/\/caritas.diecezja.wloclawek.pl\/index.php?rest_route=\/wp\/v2\/posts\/10940"}],"collection":[{"href":"http:\/\/caritas.diecezja.wloclawek.pl\/index.php?rest_route=\/wp\/v2\/posts"}],"about":[{"href":"http:\/\/caritas.diecezja.wloclawek.pl\/index.php?rest_route=\/wp\/v2\/types\/post"}],"author":[{"embeddable":true,"href":"http:\/\/caritas.diecezja.wloclawek.pl\/index.php?rest_route=\/wp\/v2\/users\/2"}],"replies":[{"embeddable":true,"href":"http:\/\/caritas.diecezja.wloclawek.pl\/index.php?rest_route=%2Fwp%2Fv2%2Fcomments&post=10940"}],"version-history":[{"count":3,"href":"http:\/\/caritas.diecezja.wloclawek.pl\/index.php?rest_route=\/wp\/v2\/posts\/10940\/revisions"}],"predecessor-version":[{"id":10944,"href":"http:\/\/caritas.diecezja.wloclawek.pl\/index.php?rest_route=\/wp\/v2\/posts\/10940\/revisions\/10944"}],"wp:featuredmedia":[{"embeddable":true,"href":"http:\/\/caritas.diecezja.wloclawek.pl\/index.php?rest_route=\/wp\/v2\/media\/10945"}],"wp:attachment":[{"href":"http:\/\/caritas.diecezja.wloclawek.pl\/index.php?rest_route=%2Fwp%2Fv2%2Fmedia&parent=10940"}],"wp:term":[{"taxonomy":"category","embeddable":true,"href":"http:\/\/caritas.diecezja.wloclawek.pl\/index.php?rest_route=%2Fwp%2Fv2%2Fcategories&post=10940"},{"taxonomy":"post_tag","embeddable":true,"href":"http:\/\/caritas.diecezja.wloclawek.pl\/index.php?rest_route=%2Fwp%2Fv2%2Ftags&post=10940"}],"curies":[{"name":"wp","href":"https:\/\/api.w.org\/{rel}","templated":true}]}}