{"id":10933,"date":"2026-02-26T13:55:42","date_gmt":"2026-02-26T12:55:42","guid":{"rendered":"https:\/\/caritas.diecezja.wloclawek.pl\/?p=10933"},"modified":"2026-02-26T13:57:17","modified_gmt":"2026-02-26T12:57:17","slug":"warsztaty-o-zdrowiu-kobiety-i-plodnosci-centrum-opieki-perinatalnej-zaprasza","status":"publish","type":"post","link":"http:\/\/caritas.diecezja.wloclawek.pl\/?p=10933","title":{"rendered":"Warsztaty o zdrowiu kobiety i p\u0142odno\u015bci \u2013 Centrum Opieki Perinatalnej zaprasza"},"content":{"rendered":"<h3>Poznaj swoje cia\u0142o i \u015bwiadomie dbaj o p\u0142odno\u015b\u0107<\/h3>\n<p>Centrum Opieki Perinatalnej im. B\u0142. Rodziny Ulm\u00f3w, prowadzone przez diecezjaln\u0105 Caritas, zaprasza kobiety oraz ma\u0142\u017ce\u0144stwa na warsztaty <strong>\u201eTajemnice kobiecego cyklu\u201d<\/strong>, kt\u00f3re odb\u0119d\u0105 si\u0119 <strong>14 marca 2026 r. w sali przy Ko\u015bciele Naj\u015bwi\u0119tszego Serca Jezusowego w Sieradzu<\/strong>. To wyj\u0105tkowa okazja, aby lepiej zrozumie\u0107 cykl miesi\u0105czkowy, \u015bwiadomie dba\u0107 o p\u0142odno\u015b\u0107 oraz porozmawia\u0107 o trudno\u015bciach, kt\u00f3re czasem pozostaj\u0105 niezauwa\u017cone.<\/p>\n<p>Warsztaty s\u0105 r\u00f3wnie\u017c skierowane do par, kt\u00f3re zmagaj\u0105 si\u0119 z problemami w zaj\u015bciu w ci\u0105\u017c\u0119 \u2013 w spokojnej i wspieraj\u0105cej atmosferze b\u0119dzie mo\u017cna wymieni\u0107 do\u015bwiadczenia i uzyska\u0107 indywidualne wskaz\u00f3wki.<\/p>\n<hr \/>\n<h3>Dlaczego warto wzi\u0105\u0107 udzia\u0142<\/h3>\n<p>Podczas spotkania om\u00f3wione zostan\u0105 najcz\u0119stsze problemy zdrowotne kobiet, kt\u00f3re cz\u0119sto s\u0105 uznawane za \u201enormalne\u201d:<\/p>\n<ul>\n<li>Bolesne miesi\u0105czki<\/li>\n<li>Zesp\u00f3\u0142 napi\u0119cia przedmiesi\u0105czkowego (dra\u017cliwo\u015b\u0107, wahania nastroju, przybieranie na wadze, wi\u0119ksza ochota na s\u0142odycze, bezsenno\u015b\u0107, zm\u0119czenie, depresja)<\/li>\n<li>Nietypowe krwawienia<\/li>\n<li>Wahania nastroju w trakcie cyklu<\/li>\n<\/ul>\n<p>Dowiesz si\u0119, jak rozpozna\u0107 te objawy, jakie badania warto wykona\u0107 i w jaki spos\u00f3b leczenie zgodne z cyklem mo\u017ce z\u0142agodzi\u0107 lub wyeliminowa\u0107 dolegliwo\u015bci.<\/p>\n<hr \/>\n<h3>Program warsztat\u00f3w<\/h3>\n<ul>\n<li>Rozpoznawanie nieprawid\u0142owo\u015bci w cyklu miesi\u0105czkowym<\/li>\n<li>Wskazania do bada\u0144 diagnostycznych<\/li>\n<li>Leczenie zgodne z cyklem<\/li>\n<li>Zdrowie prokreacyjne m\u0119\u017cczyzn<\/li>\n<li>Indywidualne konsultacje z lekarzem i instruktorem modelu Creighton<\/li>\n<\/ul>\n<hr \/>\n<h3>Prowadz\u0105ca<\/h3>\n<p><em>mgr Anna Dziuba-Marzec \u2013 instruktor modelu Creighton<\/em><\/p>\n<hr \/>\n<p style=\"text-align: center;\"><img loading=\"lazy\" class=\"alignnone size-large wp-image-10936\" src=\"http:\/\/caritas.diecezja.wloclawek.pl\/wp-content\/uploads\/2026\/02\/Plakat_warsztaty_14.03.2026-724x1024.jpg\" alt=\"\" width=\"724\" height=\"1024\" srcset=\"http:\/\/caritas.diecezja.wloclawek.pl\/wp-content\/uploads\/2026\/02\/Plakat_warsztaty_14.03.2026-724x1024.jpg 724w, http:\/\/caritas.diecezja.wloclawek.pl\/wp-content\/uploads\/2026\/02\/Plakat_warsztaty_14.03.2026-212x300.jpg 212w, http:\/\/caritas.diecezja.wloclawek.pl\/wp-content\/uploads\/2026\/02\/Plakat_warsztaty_14.03.2026-768x1086.jpg 768w, http:\/\/caritas.diecezja.wloclawek.pl\/wp-content\/uploads\/2026\/02\/Plakat_warsztaty_14.03.2026-1086x1536.jpg 1086w, http:\/\/caritas.diecezja.wloclawek.pl\/wp-content\/uploads\/2026\/02\/Plakat_warsztaty_14.03.2026.jpg 1414w\" sizes=\"(max-width: 724px) 100vw, 724px\" \/><\/p>\n","protected":false},"excerpt":{"rendered":"<p>&#46;&#46;&#46;<\/p>\n","protected":false},"author":2,"featured_media":10939,"comment_status":"closed","ping_status":"closed","sticky":false,"template":"","format":"standard","meta":[],"categories":[2],"tags":[],"_links":{"self":[{"href":"http:\/\/caritas.diecezja.wloclawek.pl\/index.php?rest_route=\/wp\/v2\/posts\/10933"}],"collection":[{"href":"http:\/\/caritas.diecezja.wloclawek.pl\/index.php?rest_route=\/wp\/v2\/posts"}],"about":[{"href":"http:\/\/caritas.diecezja.wloclawek.pl\/index.php?rest_route=\/wp\/v2\/types\/post"}],"author":[{"embeddable":true,"href":"http:\/\/caritas.diecezja.wloclawek.pl\/index.php?rest_route=\/wp\/v2\/users\/2"}],"replies":[{"embeddable":true,"href":"http:\/\/caritas.diecezja.wloclawek.pl\/index.php?rest_route=%2Fwp%2Fv2%2Fcomments&post=10933"}],"version-history":[{"count":3,"href":"http:\/\/caritas.diecezja.wloclawek.pl\/index.php?rest_route=\/wp\/v2\/posts\/10933\/revisions"}],"predecessor-version":[{"id":10937,"href":"http:\/\/caritas.diecezja.wloclawek.pl\/index.php?rest_route=\/wp\/v2\/posts\/10933\/revisions\/10937"}],"wp:featuredmedia":[{"embeddable":true,"href":"http:\/\/caritas.diecezja.wloclawek.pl\/index.php?rest_route=\/wp\/v2\/media\/10939"}],"wp:attachment":[{"href":"http:\/\/caritas.diecezja.wloclawek.pl\/index.php?rest_route=%2Fwp%2Fv2%2Fmedia&parent=10933"}],"wp:term":[{"taxonomy":"category","embeddable":true,"href":"http:\/\/caritas.diecezja.wloclawek.pl\/index.php?rest_route=%2Fwp%2Fv2%2Fcategories&post=10933"},{"taxonomy":"post_tag","embeddable":true,"href":"http:\/\/caritas.diecezja.wloclawek.pl\/index.php?rest_route=%2Fwp%2Fv2%2Ftags&post=10933"}],"curies":[{"name":"wp","href":"https:\/\/api.w.org\/{rel}","templated":true}]}}