{"id":10785,"date":"2026-01-09T11:44:41","date_gmt":"2026-01-09T10:44:41","guid":{"rendered":"https:\/\/caritas.diecezja.wloclawek.pl\/?p=10785"},"modified":"2026-01-09T11:44:41","modified_gmt":"2026-01-09T10:44:41","slug":"akcja-caritas-udziel-ciepla-dla-czlowieka","status":"publish","type":"post","link":"http:\/\/caritas.diecezja.wloclawek.pl\/?p=10785","title":{"rendered":"Akcja Caritas: UDZIEL CIEP\u0141A DLA CZ\u0141OWIEKA"},"content":{"rendered":"<p>W te zimne dni ruszy\u0142a kolejna akcja pomocowa Caritas Diecezji W\u0142oc\u0142awskiej pod has\u0142em \u201eUdziel ciep\u0142a dla cz\u0142owieka\u201d i b\u0119dzie trwa\u0142a przez ca\u0142y okres zimowy. To nie tylko kolejna zbi\u00f3rka dar\u00f3w, ale te\u017c pro\u015bba o czujno\u015b\u0107 i odpowiedzialno\u015b\u0107 wobec ludzi bezdomnych. To gest nie tylko \u017cyczliwo\u015bci, ale pro\u015bba o poczucie solidarno\u015bci z osobami, kt\u00f3re mo\u017cna spotka\u0107 na miejskich \u0142awkach, pustostanach, szukaj\u0105cych ciep\u0142a na klatkach osiedli.<\/p>\n<p>Zimowy czas to dla os\u00f3b w kryzysie bezdomno\u015bci jeden z kolejnych trudnych etap\u00f3w \u017cycia. Jak pokazuje raport Caritas Polska z 2024 w swoim badaniu liczba os\u00f3b bezdomnych nieco wzros\u0142a, a na skutek ci\u0105g\u0142ego poszukiwania schronienia i migracji tych os\u00f3b ta liczba wci\u0105\u017c jest niedoszacowana. Brak schronienia, przenikliwe zimno, czasem ludzki wstyd wynikaj\u0105cy z nieporadno\u015bci \u017cyciowej a czasem ludzka oboj\u0119tno\u015b\u0107, powoduj\u0105, \u017ce jeszcze trudniej jest zwr\u00f3ci\u0107 si\u0119 o pomoc. A przecie\u017c ten, kt\u00f3ry jest w potrzebie i ten, kt\u00f3ry ma otwarte serce-to cz\u0142owiek. Pomaganie przez wspieranie przywraca ludzk\u0105 godno\u015b\u0107. Pomaganie a nie ocenianie daje nadziej\u0119 na lepsze dzi\u015b i nie stygmatyzuje spo\u0142ecznie.<\/p>\n<p>W trakcie akcji zbierane s\u0105 przez Wolontariat Caritas Diecezji W\u0142oc\u0142awskiej na rejon w\u0142oc\u0142awski szaliki, czapki, r\u0119kawiczki dla os\u00f3b doros\u0142ych w stanie niezu\u017cytym i nadaj\u0105cym si\u0119 do noszenia, jak r\u00f3wnie\u017c koce, nowa bielizna osobista i skarpety czy \u015brodki higieny osobistej. Zebrane dary nale\u017cy przekazywa\u0107 do Biura Caritas Diecezji W\u0142oc\u0142awskiej przy ul. Wojska Polskiego 2 we W\u0142oc\u0142awku.<\/p>\n<p>\u201ePodarowa\u0107 co\u015b z sercem i okaza\u0107 si\u0119 cz\u0142owiekiem widz\u0105c ludzkie oblicze w skrzywdzonym przez trudno\u015bci losowe cz\u0142owieku, to da\u0107 mu troch\u0119 ciep\u0142a i otuchy. Jeszcze mocniej to do mnie dotar\u0142o, kiedy spotka\u0142em w zimny jesienny poranek siedz\u0105c\u0105 na kartonie osob\u0119 \u017cebrz\u0105c\u0105 pod jednym z ko\u015bcio\u0142\u00f3w przy parku miejskim. Zaobserwowa\u0142em wtedy r\u00f3\u017cne zachowania naszej spo\u0142eczno\u015bci &#8211; od paru drobnych wrzuconych do wyci\u0105gni\u0119tej d\u0142oni, po g\u0142o\u015bne negatywnych opinie skierowane w stron\u0119 osoby w kryzysie. Kiedy sam podszed\u0142em do tego m\u0119\u017cczyzny pytaj\u0105c, dlaczego tu marznie w odpowiedzi us\u0142ysza\u0142em, \u017ce \u201ezbiera, bo jest w potrzebie\u201d. Wtedy jeszcze, z opuszczon\u0105 g\u0142ow\u0105 rozmawia\u0142 jakby wstyd nie pozwala\u0142 mu podnie\u015b\u0107 oczu. Kiedy zaoferowa\u0142em mu pomoc, powiedzia\u0142em o Schroniskach naszej diecezjalnej Caritas oraz ogrzewalni, jakby promyk nadziei wpad\u0142 do jego wn\u0119trza i podni\u00f3s\u0142szy oczy kieruj\u0105c s\u0142owa w moj\u0105 stron\u0119 \u201edzi\u0119kuj\u0119 ksi\u0119dzu za informacj\u0119\u201d ukaza\u0142 mi swoj\u0105 ludzk\u0105 twarz. Te kilka chwil zainteresowania pozwoli\u0142y\u201d \u2013 opowiada ks. Szymon Jastrz\u0119bski, koordynator wolontariatu Caritas Diecezji W\u0142oc\u0142awskiej na rejon w\u0142oc\u0142awski i organizator akcji.<\/p>\n<p>We W\u0142oc\u0142awku funkcjonuj\u0105 Schroniska dla os\u00f3b bezdomnych i ogrzewalnia prowadzone przez Caritas Diecezji W\u0142oc\u0142awskiej. Osoby w kryzysie bezdomno\u015bci mog\u0105 znale\u017a\u0107 schronienie w Schronisku dla bezdomnych kobiet i m\u0119\u017cczyzn im. \u015aw. Brata Alberta przy ul. Karnkowskiego 7 kierowane przez Siostry Albertynki Pos\u0142uguj\u0105ce Ubogim. Drugim miejscem wsparcia jest Schronisko dla os\u00f3b bezdomnych z us\u0142ugami opieku\u0144czymi \u201eJerycho\u201d przy ul. P\u0142ockiej 2. Ogrzewalnia przy ul. Wyszy\u0144skiego 6 natomiast przeznaczona jest dla os\u00f3b, kt\u00f3re nie chc\u0105 korzysta\u0107 jeszcze z d\u0142ugotrwa\u0142ej pomocy instytucjonalnej lub s\u0105 po nieznacznym spo\u017cyciu alkoholu czy innych \u015brodk\u00f3w. Widz\u0105c w te zimne dni osoby potrzebuj\u0105ce pomocy nie przechod\u017amy oboj\u0119tnie. Wzywaj\u0105c we W\u0142oc\u0142awku Stra\u017c Miejsk\u0105 pod numerem 986 w minusowe temperatury mo\u017cemy uratowa\u0107 niejednego cz\u0142owieka.<\/p>\n<p>Podj\u0119ta pomoc i wsparcie fachowego zespo\u0142u to pocz\u0105tek walki o siebie, jak wskazuje wiele z os\u00f3b, kt\u00f3re ju\u017c jej do\u015bwiadczy\u0142y takiego wsparcia i ciep\u0142ego potraktowania.<\/p>\n<p style=\"text-align: center;\"><img loading=\"lazy\" class=\"alignnone size-large wp-image-10787\" src=\"http:\/\/caritas.diecezja.wloclawek.pl\/wp-content\/uploads\/2026\/01\/Plakat-zbiorka-dla-bezdomnych-Udziel-ciepla-dla-czlowieka-2025-724x1024.jpg\" alt=\"\" width=\"724\" height=\"1024\" srcset=\"http:\/\/caritas.diecezja.wloclawek.pl\/wp-content\/uploads\/2026\/01\/Plakat-zbiorka-dla-bezdomnych-Udziel-ciepla-dla-czlowieka-2025-724x1024.jpg 724w, http:\/\/caritas.diecezja.wloclawek.pl\/wp-content\/uploads\/2026\/01\/Plakat-zbiorka-dla-bezdomnych-Udziel-ciepla-dla-czlowieka-2025-212x300.jpg 212w, http:\/\/caritas.diecezja.wloclawek.pl\/wp-content\/uploads\/2026\/01\/Plakat-zbiorka-dla-bezdomnych-Udziel-ciepla-dla-czlowieka-2025-768x1086.jpg 768w, http:\/\/caritas.diecezja.wloclawek.pl\/wp-content\/uploads\/2026\/01\/Plakat-zbiorka-dla-bezdomnych-Udziel-ciepla-dla-czlowieka-2025-1086x1536.jpg 1086w, http:\/\/caritas.diecezja.wloclawek.pl\/wp-content\/uploads\/2026\/01\/Plakat-zbiorka-dla-bezdomnych-Udziel-ciepla-dla-czlowieka-2025.jpg 1240w\" sizes=\"(max-width: 724px) 100vw, 724px\" \/><\/p>\n","protected":false},"excerpt":{"rendered":"<p>&#46;&#46;&#46;<\/p>\n","protected":false},"author":2,"featured_media":10788,"comment_status":"closed","ping_status":"closed","sticky":false,"template":"","format":"standard","meta":[],"categories":[2],"tags":[],"_links":{"self":[{"href":"http:\/\/caritas.diecezja.wloclawek.pl\/index.php?rest_route=\/wp\/v2\/posts\/10785"}],"collection":[{"href":"http:\/\/caritas.diecezja.wloclawek.pl\/index.php?rest_route=\/wp\/v2\/posts"}],"about":[{"href":"http:\/\/caritas.diecezja.wloclawek.pl\/index.php?rest_route=\/wp\/v2\/types\/post"}],"author":[{"embeddable":true,"href":"http:\/\/caritas.diecezja.wloclawek.pl\/index.php?rest_route=\/wp\/v2\/users\/2"}],"replies":[{"embeddable":true,"href":"http:\/\/caritas.diecezja.wloclawek.pl\/index.php?rest_route=%2Fwp%2Fv2%2Fcomments&post=10785"}],"version-history":[{"count":2,"href":"http:\/\/caritas.diecezja.wloclawek.pl\/index.php?rest_route=\/wp\/v2\/posts\/10785\/revisions"}],"predecessor-version":[{"id":10789,"href":"http:\/\/caritas.diecezja.wloclawek.pl\/index.php?rest_route=\/wp\/v2\/posts\/10785\/revisions\/10789"}],"wp:featuredmedia":[{"embeddable":true,"href":"http:\/\/caritas.diecezja.wloclawek.pl\/index.php?rest_route=\/wp\/v2\/media\/10788"}],"wp:attachment":[{"href":"http:\/\/caritas.diecezja.wloclawek.pl\/index.php?rest_route=%2Fwp%2Fv2%2Fmedia&parent=10785"}],"wp:term":[{"taxonomy":"category","embeddable":true,"href":"http:\/\/caritas.diecezja.wloclawek.pl\/index.php?rest_route=%2Fwp%2Fv2%2Fcategories&post=10785"},{"taxonomy":"post_tag","embeddable":true,"href":"http:\/\/caritas.diecezja.wloclawek.pl\/index.php?rest_route=%2Fwp%2Fv2%2Ftags&post=10785"}],"curies":[{"name":"wp","href":"https:\/\/api.w.org\/{rel}","templated":true}]}}