{"id":1024,"date":"2019-12-04T18:27:17","date_gmt":"2019-12-04T17:27:17","guid":{"rendered":"http:\/\/caritas.diecezja.wloclawek.pl\/?p=1024"},"modified":"2019-12-04T18:33:25","modified_gmt":"2019-12-04T17:33:25","slug":"prezent-dla-ubogiego","status":"publish","type":"post","link":"http:\/\/caritas.diecezja.wloclawek.pl\/?p=1024","title":{"rendered":"PREZENT DLA UBOGIEGO"},"content":{"rendered":"<p>Ka\u017cdy cz\u0142owiek niezale\u017cnie od tego kim jest, jaki jest i gdzie si\u0119 znajduje, pragnie do\u015bwiadcza\u0107 ciep\u0142a i mi\u0142o\u015bci. Szczeg\u00f3lnie podczas tak wyj\u0105tkowych dni, jakimi s\u0105 \u015awi\u0119ta Bo\u017cego Narodzenia.<!--more--><\/p>\n<p>Serdecznie zapraszamy do wzi\u0119cia udzia\u0142u w Akcji: <strong>PREZENT DLA UBOGIEGO<\/strong>.<br \/>\nPaczki organizowane s\u0105 dla os\u00f3b biednych przebywaj\u0105cych w trzech Schroniskach Caritas dla bezdomnych we W\u0142oc\u0142awku.<\/p>\n<p>Mile widziane s\u0105 artyku\u0142y higieniczne i kosmetyczne, np:<br \/>\nSZAMPON, MYD\u0141O, MASZYNKI I KREMY DO GOLENIA, CHUSTECZKI HIGIENICZNE, KREMY DO R\u0104K I DO TWARZY, DEZODORANTY ITP&#8230;<\/p>\n<p>Ju\u017c teraz serdecznie DZI\u0118KUJEMY za w\u0142\u0105czenie si\u0119 do akcji, kt\u00f3ra trwa do 15 GRUDNIA 2019 r.<\/p>\n<p>ARTYKU\u0141Y MO\u017bNA PRZYWOZI\u0106 DO SI\u00d3STR ALBERTYNEK DO SCHRONISKA PRZY UL. KARNKOWSKIEGO 7 WE W\u0141OC\u0141AWKU<\/p>\n<p>ISTNIEJE TEZ MO\u017bLIWO\u015a\u0106 WP\u0141ATY DAROWIZNY NA KONTO CARITAS:<br \/>\n<strong>36 1020 5170 0000\u00a01502 0059 7583<\/strong><br \/>\nZ TYTU\u0141EM PRZELEWU: PREZENT DLA UBOGIEGO.<\/p>\n<div class=\"video-container\"><iframe loading=\"lazy\" title=\"Siostra Dominika o akcji &quot;Prezent dla ubogiego&quot;\" width=\"500\" height=\"281\" src=\"https:\/\/www.youtube.com\/embed\/b66CDfam-7A?feature=oembed&#038;wmode=opaque\" frameborder=\"0\" allow=\"accelerometer; autoplay; encrypted-media; gyroscope; picture-in-picture\" allowfullscreen><\/iframe><\/div>\n<p>&nbsp;<\/p>\n<p><em><a href=\"https:\/\/pl.freepik.com\/darmowe-zdjecie-wektory\/boze-narodzenie\" target=\"_blank\" rel=\"noopener noreferrer\">fot.: Dragana_Gordic &#8211; pl.freepik.com<\/a><\/em><\/p>\n","protected":false},"excerpt":{"rendered":"<p>&#46;&#46;&#46;<\/p>\n","protected":false},"author":1,"featured_media":1025,"comment_status":"closed","ping_status":"closed","sticky":false,"template":"","format":"standard","meta":[],"categories":[2],"tags":[],"_links":{"self":[{"href":"http:\/\/caritas.diecezja.wloclawek.pl\/index.php?rest_route=\/wp\/v2\/posts\/1024"}],"collection":[{"href":"http:\/\/caritas.diecezja.wloclawek.pl\/index.php?rest_route=\/wp\/v2\/posts"}],"about":[{"href":"http:\/\/caritas.diecezja.wloclawek.pl\/index.php?rest_route=\/wp\/v2\/types\/post"}],"author":[{"embeddable":true,"href":"http:\/\/caritas.diecezja.wloclawek.pl\/index.php?rest_route=\/wp\/v2\/users\/1"}],"replies":[{"embeddable":true,"href":"http:\/\/caritas.diecezja.wloclawek.pl\/index.php?rest_route=%2Fwp%2Fv2%2Fcomments&post=1024"}],"version-history":[{"count":8,"href":"http:\/\/caritas.diecezja.wloclawek.pl\/index.php?rest_route=\/wp\/v2\/posts\/1024\/revisions"}],"predecessor-version":[{"id":1033,"href":"http:\/\/caritas.diecezja.wloclawek.pl\/index.php?rest_route=\/wp\/v2\/posts\/1024\/revisions\/1033"}],"wp:featuredmedia":[{"embeddable":true,"href":"http:\/\/caritas.diecezja.wloclawek.pl\/index.php?rest_route=\/wp\/v2\/media\/1025"}],"wp:attachment":[{"href":"http:\/\/caritas.diecezja.wloclawek.pl\/index.php?rest_route=%2Fwp%2Fv2%2Fmedia&parent=1024"}],"wp:term":[{"taxonomy":"category","embeddable":true,"href":"http:\/\/caritas.diecezja.wloclawek.pl\/index.php?rest_route=%2Fwp%2Fv2%2Fcategories&post=1024"},{"taxonomy":"post_tag","embeddable":true,"href":"http:\/\/caritas.diecezja.wloclawek.pl\/index.php?rest_route=%2Fwp%2Fv2%2Ftags&post=1024"}],"curies":[{"name":"wp","href":"https:\/\/api.w.org\/{rel}","templated":true}]}}